{"id":1967,"date":"2020-11-17T18:56:23","date_gmt":"2020-11-17T18:56:23","guid":{"rendered":"http:\/\/whatsappcancun.com\/?p=1967"},"modified":"2020-11-17T18:56:23","modified_gmt":"2020-11-17T18:56:23","slug":"peru-ya-tiene-nuevo-presidente-tras-la-renuncia-del-mandatario-interino","status":"publish","type":"post","link":"https:\/\/podernacional.com\/?p=1967","title":{"rendered":"Per\u00fa ya tiene nuevo presidente tras la renuncia del mandatario interino"},"content":{"rendered":"\n<p>Al no existir presidente, vicepresidente ni segundo vicepresidente, el l\u00edder del Parlamento se convierte en mandatario.<\/p>\n\n\n\n<p>El legislador centrista Francisco Sagasti saluda a la multitud en las afueras del edificio legislativo despu\u00e9s de su designaci\u00f3n como l\u00edder del Parlamento y quedar con la v\u00eda despejada para convertirse en el nuevo presidente interino del Per\u00fa tras la renuncia de Manuel Merino, en Lima, Per\u00fa, el lunes 16 de noviembre de 2020. (Foto AP\/Rodrigo Abd).<\/p>\n\n\n\n<p>Lima.- Francisco Sagasti qued\u00f3 con la v\u00eda despejada para&nbsp;<strong>convertirse en el nuevo presidente interino del Per\u00fa<\/strong>&nbsp;luego de su designaci\u00f3n el lunes como l\u00edder en el Parlamento tras la renuncia de su antecesor la v\u00edspera en medio protestas que dejaron dos muertos y m\u00e1s de 100 heridos.<\/p>\n\n\n\n<p>El ingeniero, de 76 a\u00f1os, ser\u00e1&nbsp;<strong>el cuarto presidente desde 2016<\/strong>&nbsp;y suceder\u00e1 a Manuel Merino, quien dimiti\u00f3 el domingo tras gobernar por seis d\u00edas entre manifestaciones no vistas desde hace 20 a\u00f1os cuando los peruanos protestaban contra la corrupci\u00f3n de Alberto Fujimori (1990-2000).<\/p>\n\n\n\n<p>En un gesto de intentar proximidad con los ciudadanos, Sagasti sali\u00f3 del Palacio Legislativo y&nbsp;<strong>se acerc\u00f3 a pocos metros de los manifestantes<\/strong>&nbsp;que lo saludaron a la distancia e hicieron sonar sus bocinas. Fue un gesto que su antecesor Merino jam\u00e1s hizo en su brev\u00edsimo gobierno.<\/p>\n\n\n\n<p>Poco antes, en un discurso en el hemiciclo les pidi\u00f3 a los legisladores concentrarse en tareas \u201cconcretas\u201d en los ocho meses restantes de gobierno. Dijo que las&nbsp;<strong>protestas son \u201cun poderos\u00edsimo llamado de atenci\u00f3n\u201d<\/strong>&nbsp;y que se debe \u201caceptar y encausar\u201d la indignaci\u00f3n juvenil.<\/p>\n\n\n\n<p>Sin dar detalles, sugiri\u00f3&nbsp;<strong>mejorar las normas para prevenir la violencia<\/strong>&nbsp;durante las protestas. Los reportes de la fiscal\u00eda y fotograf\u00edas de m\u00e9dicos de emergencias muestran que la polic\u00eda us\u00f3 perdigones de plomo y canicas de vidrio.<\/p>\n\n\n\n<p>\u201cNo bast\u00f3 la pandemia, la crisis econ\u00f3mica, la inseguridad, tuvimos que esperar la muerte de dos j\u00f3venes para que nos caiga encima toda la enormidad de la situaci\u00f3n que estamos viviendo\u201d, dijo en referencia a dos veintea\u00f1eros que protestaban y&nbsp;<strong>murieron en choques contra la polic\u00eda<\/strong>.<\/p>\n\n\n\n<p>Las autoridades m\u00e9dicas indicaron que Jack Bryan Pintado S\u00e1nchez, de 22 a\u00f1os, y Jordan Inti Sotelo Camargo, de 24 a\u00f1os,&nbsp;<strong>murieron por impactos de arma de fuego<\/strong>. Pintado recibi\u00f3 10 perdigones de plomo en el cr\u00e1neo, rostro, cuello, brazo y t\u00f3rax, mientras que Sotelo cuatro disparos en el t\u00f3rax.<\/p>\n\n\n\n<p>En medio de las&nbsp;<strong>cr\u00edticas que soportan los legisladores<\/strong>, el ingeniero industrial dijo que ofrec\u00eda confianza, que es \u201clo que falta a nuestro pa\u00eds en este momento\u201d, junto a empat\u00eda y responsabilidad.<\/p>\n\n\n\n<p>Sagasti, del centrista Partido Morado, fue elegido por los legisladores en una lista \u00fanica acordada antes para dirigir el Parlamento.&nbsp;<strong>Al no existir presidente, ni vicepresidente, ni segundo vicepresidente<\/strong>, de acuerdo con la ley, el l\u00edder del Parlamento se convierte en mandatario.<\/p>\n\n\n\n<p>La crisis pol\u00edtica empez\u00f3 el 9 de noviembre cuando el Congreso&nbsp;<strong>acus\u00f3 y destituy\u00f3 al entonces presidente<\/strong>, Mart\u00edn Vizcarra, un pol\u00edtico popular acusado de corrupci\u00f3n sin pruebas concluyentes.<\/p>\n\n\n\n<p>Manuel Merino, que era l\u00edder del Parlamento y orquest\u00f3 la ca\u00edda de Vizcarra, lo reemplaz\u00f3, pero su gobierno fue impopular y&nbsp;<strong>caus\u00f3 protestas reprimidas con brutalidad<\/strong>&nbsp;por la polic\u00eda, en las que ocurrieron las dos muertes. Luego de que m\u00e1s de la mitad de sus ministros abandonaran el gabinete y los militares le retiraran su apoyo, Merino renunci\u00f3 al mediod\u00eda del domingo.<\/p>\n\n\n\n<p>Desde ese momento los legisladores&nbsp;<strong>no lograron elegir al nuevo mandatario<\/strong>&nbsp;hasta que alcanzaron un consenso con Sagasti a la cabeza.<\/p>\n\n\n\n<p>La Fiscal General Zoraida Avalos anunci\u00f3 el lunes que&nbsp;<strong>investiga por homicidio doloso a Merino<\/strong>, a su ex primer ministro Antero Flores-Ar\u00e1oz y al exministro del Interior, Gast\u00f3n Rodr\u00edguez.<\/p>\n\n\n\n<p>La investigaci\u00f3n tambi\u00e9n determinar\u00e1 si se cometieron lesiones graves, leves y&nbsp;<strong>desaparici\u00f3n forzada de personas<\/strong>. \u201cPuedo asegurarles que estas muertes no quedar\u00e1n impunes\u201d, dijo \u00c1valos en una comunicaci\u00f3n publicada en la p\u00e1gina oficial de Facebook de la Fiscal\u00eda.<\/p>\n\n\n\n<p>La v\u00edspera grupos de derechos humanos tambi\u00e9n denunciaron ante la fiscal\u00eda como&nbsp;<strong>autores mediatos de asesinato agravado<\/strong>&nbsp;a Merino, a Flores-Ar\u00e1oz, a Rodr\u00edguez y a varios jefes policiales.<\/p>\n\n\n\n<p>La Coordinadora Nacional de Derechos Humanos report\u00f3&nbsp;<strong>112 heridos en las manifestaciones del s\u00e1bado<\/strong>&nbsp;y organizaciones que defienden a periodistas sumaron m\u00e1s de tres decenas de agresiones a reporteros, incluidos heridos con perdigones lanzados por la polic\u00eda.<\/p>\n\n\n\n<p>Los defensores de derechos humanos reportaron adem\u00e1s el empleo de&nbsp;<strong>gas lacrim\u00f3geno cerca de iglesias y hospitales<\/strong>. \u201cEstamos documentando casos de brutalidad policial en el centro de Lima\u201d, escribi\u00f3 en Twitter el s\u00e1bado Jos\u00e9 Miguel Vivanco, director para las Am\u00e9ricas de Human Rights Watch. \u201cTodo indica que la represi\u00f3n contra manifestantes pac\u00edficos se est\u00e1 intensificando\u201d.<\/p>\n\n\n\n<p>La crisis pol\u00edtica se sum\u00f3 a la econ\u00f3mica y sanitaria en pa\u00eds afectado por el nuevo coronavirus. Los analistas pol\u00edticos afirman que la crisis constitucional&nbsp;<strong>ha puesto en peligro la democracia del pa\u00eds<\/strong>.<\/p>\n\n\n\n<p>El grueso de los j\u00f3venes que protestaron durante la semana eran veintea\u00f1eros, pero tambi\u00e9n se observaron a amas de casas y jubilados. Los analistas indicaron que era&nbsp;<strong>la aparici\u00f3n de una nueva generaci\u00f3n sin miedo<\/strong>, ni siquiera de ser acusada injustamente de integrar Sendero Luminoso, un desparecido grupo terrorista que caus\u00f3 miles de muertes entre 1980-2000.<\/p>\n\n\n\n<p>\u201cCreo que esta es la crisis democr\u00e1tica y de derechos humanos&nbsp;<strong>m\u00e1s grave que hemos visto desde Fujimori<\/strong>\u201d, se\u00f1al\u00f3 Alonso Gurmendi profesor de la Universidad del Pac\u00edfico de Per\u00fa.<\/p>\n\n\n\n<p>En abril se realizar\u00e1n las elecciones presidenciales y legislativas en Per\u00fa y&nbsp;<strong>Sagasti culminar\u00e1 su gesti\u00f3n el 28 de julio de 2021<\/strong>, cuando entregue el poder al ganador de los comicios.<\/p>\n","protected":false},"excerpt":{"rendered":"<p>Al no existir presidente, vicepresidente ni segundo vicepresidente, el l\u00edder del Parlamento se convierte en mandatario. El legislador centrista Francisco Sagasti saluda a la multitud en las afueras del edificio legislativo despu\u00e9s de su designaci\u00f3n como l\u00edder del Parlamento y quedar con la v\u00eda despejada para convertirse en el nuevo presidente interino del Per\u00fa tras [&hellip;]<\/p>\n","protected":false},"author":1,"featured_media":1968,"comment_status":"open","ping_status":"open","sticky":false,"template":"","format":"standard","meta":{"footnotes":""},"categories":[5],"tags":[],"class_list":["post-1967","post","type-post","status-publish","format-standard","has-post-thumbnail","hentry","category-internacional"],"_links":{"self":[{"href":"https:\/\/podernacional.com\/index.php?rest_route=\/wp\/v2\/posts\/1967","targetHints":{"allow":["GET"]}}],"collection":[{"href":"https:\/\/podernacional.com\/index.php?rest_route=\/wp\/v2\/posts"}],"about":[{"href":"https:\/\/podernacional.com\/index.php?rest_route=\/wp\/v2\/types\/post"}],"author":[{"embeddable":true,"href":"https:\/\/podernacional.com\/index.php?rest_route=\/wp\/v2\/users\/1"}],"replies":[{"embeddable":true,"href":"https:\/\/podernacional.com\/index.php?rest_route=%2Fwp%2Fv2%2Fcomments&post=1967"}],"version-history":[{"count":0,"href":"https:\/\/podernacional.com\/index.php?rest_route=\/wp\/v2\/posts\/1967\/revisions"}],"wp:featuredmedia":[{"embeddable":true,"href":"https:\/\/podernacional.com\/index.php?rest_route=\/wp\/v2\/media\/1968"}],"wp:attachment":[{"href":"https:\/\/podernacional.com\/index.php?rest_route=%2Fwp%2Fv2%2Fmedia&parent=1967"}],"wp:term":[{"taxonomy":"category","embeddable":true,"href":"https:\/\/podernacional.com\/index.php?rest_route=%2Fwp%2Fv2%2Fcategories&post=1967"},{"taxonomy":"post_tag","embeddable":true,"href":"https:\/\/podernacional.com\/index.php?rest_route=%2Fwp%2Fv2%2Ftags&post=1967"}],"curies":[{"name":"wp","href":"https:\/\/api.w.org\/{rel}","templated":true}]}}