{"id":19698,"date":"2023-12-06T11:09:16","date_gmt":"2023-12-06T16:09:16","guid":{"rendered":"https:\/\/podernacional.com\/?p=19698"},"modified":"2023-12-06T16:09:24","modified_gmt":"2023-12-06T16:09:24","slug":"conductora-acusa-de-terrorismo-a-pati-chapoy-en-ventaneando-no-merecia-eso","status":"publish","type":"post","link":"https:\/\/podernacional.com\/?p=19698","title":{"rendered":"Conductora acusa de terrorismo a Pati Chapoy en Ventaneando: \u2018no merec\u00eda eso\u2019"},"content":{"rendered":"<h4 style=\"text-align: center;\"><strong class=\"bajada\">Las declaraciones de la conductora dejan muy mal a Pati Chapoy, a quien acusa de maltrato laboral<\/strong><\/h4>\n<div class=\"row\">\n<div class=\"col-md-1 col-sticky\">\n<div class=\"inner-share-bar cf\">\n<div class=\"item\">\n<p>La periodista\u00a0<strong>Aurora Valle<\/strong>\u00a0tuvo que recordar el maltrato\u00a0que asegura sufri\u00f3 por parte de\u00a0<strong>Pati Chapoy<\/strong>\u00a0en una entrevista que le realiz\u00f3\u00a0<strong>In\u00e9s Moreno<\/strong>\u00a0para su canal de\u00a0<strong>YouTube<\/strong>.<\/p>\n<aside class=\"htmlinline\">\n<div class=\"no-bnn-bg\"><\/div>\n<\/aside>\n<p>La tambi\u00e9n conductora de espect\u00e1culos, dej\u00f3 muy mal a Pati Chapoy, al contar su mala experiencia con la l\u00edder de\u00a0<strong>Ventaneando<\/strong>, uno de los programas de chismes m\u00e1s longevos de la televisi\u00f3n mexicana.<\/p>\n<p>Antes de tocar el tema del maltrato, Aurora Valle detall\u00f3 c\u00f3mo es que incursion\u00f3 en Ventaneando, que actualmente se transmite de lunes a viernes por Azteca Uno a la 1 de la tarde.<\/p>\n<p>La apodada como \u2018Boris\u2019 cuenta que su puesto en una televisora de Guadalajara le aport\u00f3 una gran experiencia que puso en pr\u00e1ctica en Ventaneando.<\/p>\n<p>Pese a que en la televisi\u00f3n Aurora Valle y Pati Chapoy eran unas profesionales, pues no se notaba que tuvieran problemas entre ellas, fuera de la pantalla, hubo gritos y groser\u00edas.<\/p>\n<p>Boris\u2019 asegura que Pati no la dejo vivir su maternidad sin dejarla en paz y hasta tomar represalias contra ella.<\/p>\n<p>En una ocasi\u00f3n, Valle no asisti\u00f3 a un curso de conducci\u00f3n que les hicieron tomar en fin de semana, d\u00edas que pasaba con su hija, por lo que decidi\u00f3 priorizar a su familia, al enterarse Pati la rega\u00f1\u00f3 muy fuerte.<\/p>\n<blockquote><p>Fueron de chismosos, me puso una surrada la Chapoy que entonces dijo: \u2018Aurora no tom\u00f3 el curso, hizo un berrinche y se fue\u2019. La que hizo el berrinche fue Pati, yo me fui a ver a mi familia, ten\u00eda todo el derecho, era mi fin de semana (&#8230;) me fui por la gritiza que me puso\u201d, cont\u00f3 Aurora Valle.<\/p>\n<p>Es por esto que decidi\u00f3 renunciar a Ventaneando, ya que no ten\u00eda que aguantar estos malos tratos y rega\u00f1os por parte de su jefa.<\/p>\n<blockquote><p>No crec\u00ed en un ambiente de gritos, ni de terrorismo y despu\u00e9s de 9 a\u00f1os me fui. Haber permanecido en Ventaneando despu\u00e9s de esa gritiza hubiera sido indigno, yo no me merec\u00eda eso (&#8230;) Le dije: \u2018Aqu\u00ed est\u00e1 mi carta de renuncia\u2019 le escrib\u00ed a los directivos de la empresa para decirles lo que hab\u00eda pasado\u201d, dijo Aurora Valle.<\/p><\/blockquote>\n<p>Actualmente \u2018Boris\u2019 es la cara del programa \u201c<strong>Confesiones<\/strong>\u201d el cual se puede ver a trav\u00e9s de\u00a0<strong>Unicable<\/strong>. Hasta este 2023 ya lleva cinco exitosas temporadas.<\/p><\/blockquote>\n<\/div>\n<\/div>\n<\/div>\n<\/div>\n","protected":false},"excerpt":{"rendered":"<p>Las declaraciones de la conductora dejan muy mal a Pati Chapoy, a quien acusa de maltrato laboral La periodista\u00a0Aurora Valle\u00a0tuvo que recordar el maltrato\u00a0que asegura sufri\u00f3 por parte de\u00a0Pati Chapoy\u00a0en una entrevista que le realiz\u00f3\u00a0In\u00e9s Moreno\u00a0para su canal de\u00a0YouTube. La tambi\u00e9n conductora de espect\u00e1culos, dej\u00f3 muy mal a Pati Chapoy, al contar su mala experiencia [&hellip;]<\/p>\n","protected":false},"author":1,"featured_media":19700,"comment_status":"open","ping_status":"closed","sticky":false,"template":"","format":"standard","meta":{"footnotes":""},"categories":[4],"tags":[],"class_list":["post-19698","post","type-post","status-publish","format-standard","has-post-thumbnail","hentry","category-espectaculos"],"_links":{"self":[{"href":"https:\/\/podernacional.com\/index.php?rest_route=\/wp\/v2\/posts\/19698","targetHints":{"allow":["GET"]}}],"collection":[{"href":"https:\/\/podernacional.com\/index.php?rest_route=\/wp\/v2\/posts"}],"about":[{"href":"https:\/\/podernacional.com\/index.php?rest_route=\/wp\/v2\/types\/post"}],"author":[{"embeddable":true,"href":"https:\/\/podernacional.com\/index.php?rest_route=\/wp\/v2\/users\/1"}],"replies":[{"embeddable":true,"href":"https:\/\/podernacional.com\/index.php?rest_route=%2Fwp%2Fv2%2Fcomments&post=19698"}],"version-history":[{"count":1,"href":"https:\/\/podernacional.com\/index.php?rest_route=\/wp\/v2\/posts\/19698\/revisions"}],"predecessor-version":[{"id":19699,"href":"https:\/\/podernacional.com\/index.php?rest_route=\/wp\/v2\/posts\/19698\/revisions\/19699"}],"wp:featuredmedia":[{"embeddable":true,"href":"https:\/\/podernacional.com\/index.php?rest_route=\/wp\/v2\/media\/19700"}],"wp:attachment":[{"href":"https:\/\/podernacional.com\/index.php?rest_route=%2Fwp%2Fv2%2Fmedia&parent=19698"}],"wp:term":[{"taxonomy":"category","embeddable":true,"href":"https:\/\/podernacional.com\/index.php?rest_route=%2Fwp%2Fv2%2Fcategories&post=19698"},{"taxonomy":"post_tag","embeddable":true,"href":"https:\/\/podernacional.com\/index.php?rest_route=%2Fwp%2Fv2%2Ftags&post=19698"}],"curies":[{"name":"wp","href":"https:\/\/api.w.org\/{rel}","templated":true}]}}