{"id":19815,"date":"2023-12-18T11:35:28","date_gmt":"2023-12-18T16:35:28","guid":{"rendered":"https:\/\/podernacional.com\/?p=19815"},"modified":"2023-12-18T16:35:36","modified_gmt":"2023-12-18T16:35:36","slug":"rbd-mas-alla-del-exito-en-los-escenarios-que-han-vivido-hasta-su-reencuentro","status":"publish","type":"post","link":"https:\/\/podernacional.com\/?p=19815","title":{"rendered":"RBD m\u00e1s all\u00e1 del \u00e9xito en los escenarios, \u00bfqu\u00e9 han vivido hasta su reencuentro?"},"content":{"rendered":"<div class=\"row\">\n<div class=\"col-sm-xl-12 layout-section wrap-bottom promo1\">\n<h4 class=\"primary-font__PrimaryFontStyles-o56yd5-0 ctbcAa h4-primary sub-headline\" style=\"text-align: center;\">La vida de los componentes de la afamada banda tomaron caminos diferentes hasta este reencuentro por dem\u00e1s exitoso<\/h4>\n<p class=\"default__StyledText-xb1qmn-0 gPlaKG body-paragraph\"><b>RBD<\/b>, la exitosa agrupaci\u00f3n musical juvenil mexicana formada en 2004, que alcanz\u00f3 la fama internacional con su telenovela\u00a0<b>Rebelde<\/b>\u00a0no se ha librado de las pol\u00e9micas a lo largo de su carrera que llegaron a retomar este 2023 con un reencuentro que ha logrado decenas de\u00a0<b>sold out con m\u00e1s de 1.5 millones de espectadores\u00a0<\/b>en todo el continente. El precio de la fama casi siempre viene acompa\u00f1ado de chismes y pol\u00e9micas que en muchas ocasiones carecen de fundamento, otras se han aclarado.<\/p>\n<p class=\"default__StyledText-xb1qmn-0 gPlaKG body-paragraph\">Por eso queremos hacer un repaso a algunas partes de la vida de\u00a0<b>Anah\u00ed, Dulce Mar\u00eda, Maite Perroni, Christopher Uckermann y Christian Ch\u00e1vez, luego de que separaron sus destinos hace casi 20 a\u00f1os.<\/b><\/p>\n<p class=\"default__StyledText-xb1qmn-0 gPlaKG body-paragraph\">Despu\u00e9s de 15 a\u00f1os de separaci\u00f3n, la\u00a0<b>agrupaci\u00f3n RBD<\/b>\u00a0volvi\u00f3 a los escenarios. Sus seguidores se preguntan lo que hizo cada integrante en este tiempo de ausencia a pesar de que en los \u00faltiumos tiempos han mostrado algo m\u00e1s de su vida a trav\u00e9s de las redes sociales personales.<\/p>\n<div id=\"arcad-feature-f0fhssuEdakO6Pr-7662fb811dda3\" class=\"default__StyledAdUnit-sc-1qpte9h-0 LdoDn arcad-feature transparent\">\n<p class=\"default__StyledText-xb1qmn-0 gPlaKG body-paragraph\"><b>Anah\u00ed, Dulce Mar\u00eda, Christopher Uckermann, Maite Perroni y Christian Ch\u00e1vez<\/b>\u00a0son los artistas que dieron vida a la novela Rebelde, lanzada en M\u00e9xico en 2004.<\/p>\n<p class=\"default__StyledText-xb1qmn-0 gPlaKG body-paragraph\">El \u00e9xito fue tan global que realizaron seis giras de conciertos, fueron nominados a los Grammy Latino y ocuparon el primer puesto en los\u00a0<b>Hot Latin Songs de Billboard<\/b>. Sin embargo, la actividad art\u00edstica dur\u00f3 solo cuatro a\u00f1os, ya que en 2008 anunciaron su separaci\u00f3n.<\/p>\n<p class=\"default__StyledText-xb1qmn-0 gPlaKG body-paragraph\">A pesar de su separaci\u00f3n, los miembros han mostrado unidad y amistad a trav\u00e9s de sus redes sociales. Cada uno tom\u00f3 su propio camino art\u00edstico hasta 2020, cuando realizaron un concierto virtual debido a la pandemia, aunque Alfonso Herrera y Dulce Mar\u00eda no participaron.<\/p>\n<p class=\"default__StyledText-xb1qmn-0 gPlaKG body-paragraph\">Han pasado 18 a\u00f1os desde que la agrupaci\u00f3n se presentara por primera vez en ciudades como Medell\u00edn (Colombi) y 15 a\u00f1os desde su separaci\u00f3n. Finalmente, se llevaron a cabo los conciertos de reencuentro en Estados Unidos, Colombia, Brasil y M\u00e9xico. Pero, \u00bfqu\u00e9 han hecho cada uno durante este tiempo?<\/p>\n<\/div>\n<\/div>\n<\/div>\n<div class=\"row\">\n<article class=\"col-sm-md-12 col-lg-xl-8 left-article-section ie-flex-100-percent-sm layout-section main1\">\n<figure class=\"lead-art-wrapper\">\n<div><picture class=\"Image__StyledPicture-sc-8yioqf-0 iKCNis\"><source srcset=\"https:\/\/www.publimetro.com.mx\/resizer\/B3VFrmaj_fZnmbMk1HfqKehuGls=\/800x0\/filters:format(jpg):quality(70)\/cloudfront-us-east-1.images.arcpublishing.com\/metroworldnews\/7BOD6EQIFFDEJJZRN6FGE4GAYA.jpg\" media=\"screen and (min-width: 992px)\" \/><source srcset=\"https:\/\/www.publimetro.com.mx\/resizer\/B3VFrmaj_fZnmbMk1HfqKehuGls=\/800x0\/filters:format(jpg):quality(70)\/cloudfront-us-east-1.images.arcpublishing.com\/metroworldnews\/7BOD6EQIFFDEJJZRN6FGE4GAYA.jpg\" media=\"screen and (min-width: 768px)\" \/><source srcset=\"https:\/\/www.publimetro.com.mx\/resizer\/B3VFrmaj_fZnmbMk1HfqKehuGls=\/800x0\/filters:format(jpg):quality(70)\/cloudfront-us-east-1.images.arcpublishing.com\/metroworldnews\/7BOD6EQIFFDEJJZRN6FGE4GAYA.jpg\" media=\"screen and (min-width: 0px)\" \/><\/picture><\/div>\n<\/figure>\n<\/article>\n<\/div>\n","protected":false},"excerpt":{"rendered":"<p>La vida de los componentes de la afamada banda tomaron caminos diferentes hasta este reencuentro por dem\u00e1s exitoso RBD, la exitosa agrupaci\u00f3n musical juvenil mexicana formada en 2004, que alcanz\u00f3 la fama internacional con su telenovela\u00a0Rebelde\u00a0no se ha librado de las pol\u00e9micas a lo largo de su carrera que llegaron a retomar este 2023 con [&hellip;]<\/p>\n","protected":false},"author":1,"featured_media":19817,"comment_status":"open","ping_status":"closed","sticky":false,"template":"","format":"standard","meta":{"footnotes":""},"categories":[4],"tags":[],"class_list":["post-19815","post","type-post","status-publish","format-standard","has-post-thumbnail","hentry","category-espectaculos"],"_links":{"self":[{"href":"https:\/\/podernacional.com\/index.php?rest_route=\/wp\/v2\/posts\/19815","targetHints":{"allow":["GET"]}}],"collection":[{"href":"https:\/\/podernacional.com\/index.php?rest_route=\/wp\/v2\/posts"}],"about":[{"href":"https:\/\/podernacional.com\/index.php?rest_route=\/wp\/v2\/types\/post"}],"author":[{"embeddable":true,"href":"https:\/\/podernacional.com\/index.php?rest_route=\/wp\/v2\/users\/1"}],"replies":[{"embeddable":true,"href":"https:\/\/podernacional.com\/index.php?rest_route=%2Fwp%2Fv2%2Fcomments&post=19815"}],"version-history":[{"count":1,"href":"https:\/\/podernacional.com\/index.php?rest_route=\/wp\/v2\/posts\/19815\/revisions"}],"predecessor-version":[{"id":19816,"href":"https:\/\/podernacional.com\/index.php?rest_route=\/wp\/v2\/posts\/19815\/revisions\/19816"}],"wp:featuredmedia":[{"embeddable":true,"href":"https:\/\/podernacional.com\/index.php?rest_route=\/wp\/v2\/media\/19817"}],"wp:attachment":[{"href":"https:\/\/podernacional.com\/index.php?rest_route=%2Fwp%2Fv2%2Fmedia&parent=19815"}],"wp:term":[{"taxonomy":"category","embeddable":true,"href":"https:\/\/podernacional.com\/index.php?rest_route=%2Fwp%2Fv2%2Fcategories&post=19815"},{"taxonomy":"post_tag","embeddable":true,"href":"https:\/\/podernacional.com\/index.php?rest_route=%2Fwp%2Fv2%2Ftags&post=19815"}],"curies":[{"name":"wp","href":"https:\/\/api.w.org\/{rel}","templated":true}]}}