{"id":1982,"date":"2020-11-18T17:20:09","date_gmt":"2020-11-18T17:20:09","guid":{"rendered":"http:\/\/whatsappcancun.com\/?p=1982"},"modified":"2020-11-18T17:20:09","modified_gmt":"2020-11-18T17:20:09","slug":"mutacion-de-covid-19-en-europa-surgio-desde-espana-revelan-estudios-2","status":"publish","type":"post","link":"https:\/\/podernacional.com\/?p=1982","title":{"rendered":"Mutaci\u00f3n de COVID-19 en Europa surgi\u00f3 desde Espa\u00f1a, revelan estudios"},"content":{"rendered":"\n<p>El&nbsp;coronavirus SARS-CoV-2&nbsp;causante del&nbsp;COVID-19&nbsp;tiene cientos de&nbsp;mutaciones, aunque una de las m\u00e1s presentes actualmente en la segunda oleada que vive Europa se dio primero en&nbsp;Espa\u00f1a, concluye un estudio de cient\u00edficos espa\u00f1oles y suizos hecho p\u00fablico hoy.&nbsp;<\/p>\n\n\n\n<p>An\u00e1lisis realizados por la&nbsp;Universidad de Basilea, la Escuela Polit\u00e9cnica Federal de Z\u00farich&nbsp;y el consorcio espa\u00f1ol&nbsp;SeqCovid-Spain, liderado por el&nbsp;Centro Superior de Investigaciones Cient\u00edficas&nbsp;(CSIC), concluyen que la nueva variante se expandi\u00f3 por Europa y otras regiones en los \u00faltimos meses desde Espa\u00f1a.&nbsp;<\/p>\n\n\n\n<p>La relajaci\u00f3n de las restricciones de viaje en verano, y el hecho de que Espa\u00f1a sea un importante destino tur\u00edstico, facilitaron la expansi\u00f3n de esta variante del genoma del virus, se\u00f1al\u00f3 un comunicado de la Universidad de Basilea.&nbsp;<\/p>\n\n\n\n<p>Los investigadores han bautizado esta mutaci\u00f3n como \u201c20A.EU1\u201c, y los an\u00e1lisis se\u00f1alan su presencia en unos 80 por ciento de las muestras analizadas desde Espa\u00f1a, un 90 por ciento de las del Reino Unido y un 30-40 por ciento de las suizas.&nbsp;<\/p>\n\n\n\n<p>Los investigadores afirmaron que su aparici\u00f3n en Espa\u00f1a, durante los meses estivales, estar\u00eda ligada a un \u201cevento&nbsp;superpropagador&nbsp;ligado a los trabajadores agr\u00edcolas en el noreste espa\u00f1ol\u201d, y tras ello se extendi\u00f3 por toda Espa\u00f1a y una docena de pa\u00edses europeos, llegando a registrarse casos relacionados hasta en Hong Kong o Nueva Zelanda.&nbsp;<\/p>\n\n\n\n<p>Nada indica, matizaron, que esta variante del coronavirus sea m\u00e1s peligrosa que otras, tenga un distinto comportamiento, o que sea la \u00fanica prevalente en la segunda oleada europea, donde otras mutaciones han sido identificadas.&nbsp;<\/p>\n","protected":false},"excerpt":{"rendered":"<p>El&nbsp;coronavirus SARS-CoV-2&nbsp;causante del&nbsp;COVID-19&nbsp;tiene cientos de&nbsp;mutaciones, aunque una de las m\u00e1s presentes actualmente en la segunda oleada que vive Europa se dio primero en&nbsp;Espa\u00f1a, concluye un estudio de cient\u00edficos espa\u00f1oles y suizos hecho p\u00fablico hoy.&nbsp; An\u00e1lisis realizados por la&nbsp;Universidad de Basilea, la Escuela Polit\u00e9cnica Federal de Z\u00farich&nbsp;y el consorcio espa\u00f1ol&nbsp;SeqCovid-Spain, liderado por el&nbsp;Centro Superior de Investigaciones [&hellip;]<\/p>\n","protected":false},"author":1,"featured_media":1983,"comment_status":"open","ping_status":"open","sticky":false,"template":"","format":"standard","meta":{"footnotes":""},"categories":[5],"tags":[],"class_list":["post-1982","post","type-post","status-publish","format-standard","has-post-thumbnail","hentry","category-internacional"],"_links":{"self":[{"href":"https:\/\/podernacional.com\/index.php?rest_route=\/wp\/v2\/posts\/1982","targetHints":{"allow":["GET"]}}],"collection":[{"href":"https:\/\/podernacional.com\/index.php?rest_route=\/wp\/v2\/posts"}],"about":[{"href":"https:\/\/podernacional.com\/index.php?rest_route=\/wp\/v2\/types\/post"}],"author":[{"embeddable":true,"href":"https:\/\/podernacional.com\/index.php?rest_route=\/wp\/v2\/users\/1"}],"replies":[{"embeddable":true,"href":"https:\/\/podernacional.com\/index.php?rest_route=%2Fwp%2Fv2%2Fcomments&post=1982"}],"version-history":[{"count":0,"href":"https:\/\/podernacional.com\/index.php?rest_route=\/wp\/v2\/posts\/1982\/revisions"}],"wp:featuredmedia":[{"embeddable":true,"href":"https:\/\/podernacional.com\/index.php?rest_route=\/wp\/v2\/media\/1983"}],"wp:attachment":[{"href":"https:\/\/podernacional.com\/index.php?rest_route=%2Fwp%2Fv2%2Fmedia&parent=1982"}],"wp:term":[{"taxonomy":"category","embeddable":true,"href":"https:\/\/podernacional.com\/index.php?rest_route=%2Fwp%2Fv2%2Fcategories&post=1982"},{"taxonomy":"post_tag","embeddable":true,"href":"https:\/\/podernacional.com\/index.php?rest_route=%2Fwp%2Fv2%2Ftags&post=1982"}],"curies":[{"name":"wp","href":"https:\/\/api.w.org\/{rel}","templated":true}]}}