{"id":20002,"date":"2024-01-02T17:05:41","date_gmt":"2024-01-02T17:05:41","guid":{"rendered":"https:\/\/podernacional.com\/?p=20002"},"modified":"2024-01-02T17:05:41","modified_gmt":"2024-01-02T17:05:41","slug":"mara-lezama-encabeza-la-revolucion-vial-en-cancun","status":"publish","type":"post","link":"https:\/\/podernacional.com\/?p=20002","title":{"rendered":"Mara Lezama encabeza la revoluci\u00f3n vial en Canc\u00fan"},"content":{"rendered":"<p>En pocos d\u00edas se entregar\u00e1n las obras de reconstrucci\u00f3n y modernizaci\u00f3n de la avenida Chac Mool, una importante arteria de 4.2 kil\u00f3metros que conecta a la avenida Huayac\u00e1n con el bulevard Colosio y que transformar\u00e1 la movilidad en Canc\u00fan, inform\u00f3 la gobernadora Mara Lezama Espinosa.<\/p>\n<p>Acompa\u00f1ada del secretario de Desarrollo Territorial Urbano Sustentable (SEDETUS) Armando Lara De Nigris, la gobernadora de Quintana Roo estuvo en el sitio, en territorio, supervisando los avances de esta obra que mejorar\u00e1 sustancialmente la movilidad en Canc\u00fan.<\/p>\n<p>Mara Lezama destac\u00f3 que en la reconstrucci\u00f3n de esta avenida Huayac\u00e1n se invierten 271 millones de pesos, recursos del pueblo para el pueblo, con el apoyo del mejor presidente que ha tenido M\u00e9xico, Andr\u00e9s Manuel L\u00f3pez Obrador, quien le tiene un gran amor a Quintana Roo.<\/p>\n<p>\u201cFaltan unos detalles, es una obra extraordinaria, bien hecha, que era muy necesaria para Canc\u00fan, que ser\u00e1 una realidad en unos cuantos d\u00edas para que los veh\u00edculos las y los quintanarroenses puedan circular por ella\u201d expres\u00f3 la Gobernadora.<\/p>\n<p>Asimismo, puntualiz\u00f3 que con base en el Nuevo Acuerdo por el Bienestar y Desarrollo de Quintana Roo el dinero del pueblo se invierte en donde debe de ser para que rinda m\u00e1s y la prosperidad compartida se refleje en una mejor calidad de vida de las personas.<\/p>\n<p>La obra tiene un 85% de avance f\u00edsico, con 3 pasos de fauna y 5 hidrol\u00f3gicos para el drenaje pluvial. Mara Lezama agradeci\u00f3 a las y los trabajadores, a la Secretar\u00eda de Infraestructura, Comunicaciones y Transporte (SICT) por el trabajo extraordinario que est\u00e1n realizando.<\/p>\n<div style=\"width: 640px;\" class=\"wp-video\"><video class=\"wp-video-shortcode\" id=\"video-20002-1\" width=\"640\" height=\"362\" preload=\"metadata\" controls=\"controls\"><source type=\"video\/mp4\" src=\"https:\/\/podernacional.com\/wp-content\/uploads\/2024\/01\/WhatsApp-Video-2024-01-02-at-11.06.41.mp4?_=1\" \/><a href=\"https:\/\/podernacional.com\/wp-content\/uploads\/2024\/01\/WhatsApp-Video-2024-01-02-at-11.06.41.mp4\">https:\/\/podernacional.com\/wp-content\/uploads\/2024\/01\/WhatsApp-Video-2024-01-02-at-11.06.41.mp4<\/a><\/video><\/div>\n<p>La Gobernadora se\u00f1al\u00f3 que en Quintana Roo se trabaja 24\/7 en la transformaci\u00f3n profunda, con un gobierno humanista y progresista que tiene a las personas en el centro de las acciones.<\/p>\n","protected":false},"excerpt":{"rendered":"<p>En pocos d\u00edas se entregar\u00e1n las obras de reconstrucci\u00f3n y modernizaci\u00f3n de la avenida Chac Mool, una importante arteria de 4.2 kil\u00f3metros que conecta a la avenida Huayac\u00e1n con el bulevard Colosio y que transformar\u00e1 la movilidad en Canc\u00fan, inform\u00f3 la gobernadora Mara Lezama Espinosa. Acompa\u00f1ada del secretario de Desarrollo Territorial Urbano Sustentable (SEDETUS) Armando [&hellip;]<\/p>\n","protected":false},"author":1,"featured_media":20004,"comment_status":"open","ping_status":"open","sticky":false,"template":"","format":"standard","meta":{"footnotes":""},"categories":[1],"tags":[],"class_list":["post-20002","post","type-post","status-publish","format-standard","has-post-thumbnail","hentry","category-uncategorized"],"_links":{"self":[{"href":"https:\/\/podernacional.com\/index.php?rest_route=\/wp\/v2\/posts\/20002","targetHints":{"allow":["GET"]}}],"collection":[{"href":"https:\/\/podernacional.com\/index.php?rest_route=\/wp\/v2\/posts"}],"about":[{"href":"https:\/\/podernacional.com\/index.php?rest_route=\/wp\/v2\/types\/post"}],"author":[{"embeddable":true,"href":"https:\/\/podernacional.com\/index.php?rest_route=\/wp\/v2\/users\/1"}],"replies":[{"embeddable":true,"href":"https:\/\/podernacional.com\/index.php?rest_route=%2Fwp%2Fv2%2Fcomments&post=20002"}],"version-history":[{"count":1,"href":"https:\/\/podernacional.com\/index.php?rest_route=\/wp\/v2\/posts\/20002\/revisions"}],"predecessor-version":[{"id":20005,"href":"https:\/\/podernacional.com\/index.php?rest_route=\/wp\/v2\/posts\/20002\/revisions\/20005"}],"wp:featuredmedia":[{"embeddable":true,"href":"https:\/\/podernacional.com\/index.php?rest_route=\/wp\/v2\/media\/20004"}],"wp:attachment":[{"href":"https:\/\/podernacional.com\/index.php?rest_route=%2Fwp%2Fv2%2Fmedia&parent=20002"}],"wp:term":[{"taxonomy":"category","embeddable":true,"href":"https:\/\/podernacional.com\/index.php?rest_route=%2Fwp%2Fv2%2Fcategories&post=20002"},{"taxonomy":"post_tag","embeddable":true,"href":"https:\/\/podernacional.com\/index.php?rest_route=%2Fwp%2Fv2%2Ftags&post=20002"}],"curies":[{"name":"wp","href":"https:\/\/api.w.org\/{rel}","templated":true}]}}