{"id":20006,"date":"2024-01-02T18:28:53","date_gmt":"2024-01-02T18:28:53","guid":{"rendered":"https:\/\/podernacional.com\/?p=20006"},"modified":"2024-01-02T18:28:53","modified_gmt":"2024-01-02T18:28:53","slug":"royser-chi-recio-y-pablo-salomon-representaran-al-sector-amateur-en-torneo-nacional","status":"publish","type":"post","link":"https:\/\/podernacional.com\/?p=20006","title":{"rendered":"Royser Chi Recio y Pablo Salom\u00f3n representar\u00e1n al Sector Amateur en torneo nacional"},"content":{"rendered":"<p>Gracias a su destacada actuaci\u00f3n en la Liga Nacional Juvenil dentro de la categor\u00eda Sub-17 con los Pioneros de Canc\u00fan liderados por el profesor C\u00e9sar Aranda , dos jugadores de Fuerzas B\u00e1sicas pertenecientes a los Pioneros de Canc\u00fan, Royser Ernesto Chi Recio y Pablo Ignacio Salom\u00f3n Ferman, fueron convocados para reforzar la Selecci\u00f3n del Sector Amateur, que participar\u00e1 en la \u201cCopa del Sol 2024\u201d.<\/p>\n<p>Este certamen, que organiza la Liga de la Tercera Divisi\u00f3n Profesional (Liga TDP), esta programado para jugarse del 8 al 15 de enero pr\u00f3ximos, en las instalaciones de \u201cLa Primavera\u201d de Zapop\u00e1n, Jalisco.<\/p>\n<p>Sobre esto y tras finalizar el torneo del Sector Amateur en Toluca, fue donde fueron elegidos los elementos pioneros para competir en la \u201cCopa del Sol 2024\u201d, donde se espera la participaci\u00f3n de selecciones y jugadores que militan en categor\u00edas de la Liga TDP y Liga Premier, y para que los jugadores del Sector Amateur se fogueen, fue que se invit\u00f3 este representativo.<\/p>\n<p>\u201cMe siento muy emocionado con esta convocatoria, ya que lo veo como una oportunidad para que se me puedan abrir m\u00e1s puertas y ver mi desempe\u00f1o como jugador; me veo llegando con el primer equipo de Pioneros y claro, tengo el sue\u00f1o de llegar al m\u00e1ximo circuito del futbol mexicano, por eso entreno duro\u201d, coment\u00f3 Pablo Ignacio Salom\u00f3n, de 16 a\u00f1os de edad y que se desempe\u00f1a como defensa central.<\/p>\n<p>Por su parte, Royser Chi Recio, de 16 a\u00f1os de edad y que juega como mediocampista, dijo: Esto ha sido un proceso algo, pero todo tiene sus frutos y gracias a mi esfuerzo fue considerado para ser parte de este torneo y es de mucha alegr\u00eda ser parte; debo reconocer que mi familia me ayudo en todo momento y yo he luchado para estar en esta competencia; quiero jugar Primera Divisi\u00f3n y dejar claro que me forje del gran club Pioneros.<\/p>\n<p>Es importante destacar que ambos jugadores, ya realizan entrenamientos con el equipo de Pioneros que milita en la Liga TDP, buscando una oportunidad para debutar y su estancia en estas practicas les ha ayudado a su crecimiento deportivo, recordando que es uno de los principales objetivos de los Pioneros, el de darle la misma oportunidad a sus jugadores de cantera.<\/p>\n<p>Finalmente, se inform\u00f3 que Pablo y Royser tienen que reportar el pr\u00f3ximo 7 de enero en Guadalajara con la Selecci\u00f3n del Sector Amateur, el cual esta instalado en el Grupo 3 del certamen y en donde tiene programado enfrentarse en la primera fase a Selecci\u00f3n Sureste, Selecci\u00f3n Liga Premier y Selecci\u00f3n Baj\u00edo.<\/p>\n","protected":false},"excerpt":{"rendered":"<p>Gracias a su destacada actuaci\u00f3n en la Liga Nacional Juvenil dentro de la categor\u00eda Sub-17 con los Pioneros de Canc\u00fan liderados por el profesor C\u00e9sar Aranda , dos jugadores de Fuerzas B\u00e1sicas pertenecientes a los Pioneros de Canc\u00fan, Royser Ernesto Chi Recio y Pablo Ignacio Salom\u00f3n Ferman, fueron convocados para reforzar la Selecci\u00f3n del Sector [&hellip;]<\/p>\n","protected":false},"author":1,"featured_media":20007,"comment_status":"open","ping_status":"open","sticky":false,"template":"","format":"standard","meta":{"footnotes":""},"categories":[3],"tags":[],"class_list":["post-20006","post","type-post","status-publish","format-standard","has-post-thumbnail","hentry","category-deportes"],"_links":{"self":[{"href":"https:\/\/podernacional.com\/index.php?rest_route=\/wp\/v2\/posts\/20006","targetHints":{"allow":["GET"]}}],"collection":[{"href":"https:\/\/podernacional.com\/index.php?rest_route=\/wp\/v2\/posts"}],"about":[{"href":"https:\/\/podernacional.com\/index.php?rest_route=\/wp\/v2\/types\/post"}],"author":[{"embeddable":true,"href":"https:\/\/podernacional.com\/index.php?rest_route=\/wp\/v2\/users\/1"}],"replies":[{"embeddable":true,"href":"https:\/\/podernacional.com\/index.php?rest_route=%2Fwp%2Fv2%2Fcomments&post=20006"}],"version-history":[{"count":1,"href":"https:\/\/podernacional.com\/index.php?rest_route=\/wp\/v2\/posts\/20006\/revisions"}],"predecessor-version":[{"id":20008,"href":"https:\/\/podernacional.com\/index.php?rest_route=\/wp\/v2\/posts\/20006\/revisions\/20008"}],"wp:featuredmedia":[{"embeddable":true,"href":"https:\/\/podernacional.com\/index.php?rest_route=\/wp\/v2\/media\/20007"}],"wp:attachment":[{"href":"https:\/\/podernacional.com\/index.php?rest_route=%2Fwp%2Fv2%2Fmedia&parent=20006"}],"wp:term":[{"taxonomy":"category","embeddable":true,"href":"https:\/\/podernacional.com\/index.php?rest_route=%2Fwp%2Fv2%2Fcategories&post=20006"},{"taxonomy":"post_tag","embeddable":true,"href":"https:\/\/podernacional.com\/index.php?rest_route=%2Fwp%2Fv2%2Ftags&post=20006"}],"curies":[{"name":"wp","href":"https:\/\/api.w.org\/{rel}","templated":true}]}}