{"id":20039,"date":"2024-01-04T00:18:29","date_gmt":"2024-01-04T05:18:29","guid":{"rendered":"https:\/\/podernacional.com\/?p=20039"},"modified":"2024-01-04T05:18:38","modified_gmt":"2024-01-04T05:18:38","slug":"majo-aguilar-defiende-a-angela-por-decir-que-era-25-argentina","status":"publish","type":"post","link":"https:\/\/podernacional.com\/?p=20039","title":{"rendered":"Majo Aguilar defiende a \u00c1ngela por decir que era 25% argentina"},"content":{"rendered":"<header class=\"main-article--header\">\n<h3 class=\"bajada\" style=\"text-align: center;\">La cantante sali\u00f3 a la defensa de su prima y se molest\u00f3 al ser cuestionada por eso<\/h3>\n<\/header>\n<div class=\"margen-top1\">\n<p><strong>\u00c1ngela Aguilar\u00a0<\/strong>ha estado envuelta en diferentes pol\u00e9micas, pero sin duda la que m\u00e1s le afect\u00f3 fue cuando realiz\u00f3 una publicaci\u00f3n en su cuenta de Instagram, donde\u00a0<strong>aseguraba ser 25 por ciento argentina.\u00a0<\/strong><\/p>\n<p>Desde entonces, las cr\u00edticas no han cesado, pero ahora\u00a0<strong>su prima Majo Aguilar sali\u00f3 en defensa.<\/strong><\/p>\n<h2><strong>Majo Aguilar defiende a su prima de las cr\u00edticas<\/strong><\/h2>\n<p>En un encuentro con los medios, la cantante\u00a0<strong>Majo Aguilar expres\u00f3 su molestia ante las persistentes preguntas sobre el esc\u00e1ndalo que rodea a la dinast\u00eda Aguilar desde hace un a\u00f1o.<\/strong><\/p>\n<p>Este conflicto comenz\u00f3 cuando<strong>\u00a0\u00c1ngela manifest\u00f3 en sus redes sociales sentirse orgullosa de ser un 25 por ciento argentina<\/strong>, todo esto despu\u00e9s de la victoria de la selecci\u00f3n Albiceleste en la Copa del Mundo de 2022.<\/p>\n<p>Durante la entrevista, d<strong>ej\u00f3 claro que no est\u00e1 dispuesta a seguir hablando sobre el tema y se mostr\u00f3 visiblemente molesta\u00a0<\/strong>ante la insistencia de los medios en abordar este asunto.<\/p>\n<blockquote><p><em>\u201c\u00a0Saben qu\u00e9, es muy dif\u00edcil porque se sigue con ese tema, yo estoy por mi cuenta y con mis cosas. Ellos son muy mexicanos, quiz\u00e1 fue un comentario que ella hizo desatinado, pero yo lo que he visto es todo el amor que le tienen a nuestro pa\u00eds y no s\u00e9 cu\u00e1ndo se vaya a soltar ese tema\u201d, dijo.<\/em><\/p>\n<p>Majo, defendi\u00f3 a su prima y\u00a0<strong>dej\u00f3 claro que busca poner fin a todos los chismes\u00a0<\/strong>que rodean a su familia para seguir centr\u00e1ndose en su carrera musical.<\/p><\/blockquote>\n<\/div>\n<div class=\"main-article--body\"><\/div>\n","protected":false},"excerpt":{"rendered":"<p>La cantante sali\u00f3 a la defensa de su prima y se molest\u00f3 al ser cuestionada por eso \u00c1ngela Aguilar\u00a0ha estado envuelta en diferentes pol\u00e9micas, pero sin duda la que m\u00e1s le afect\u00f3 fue cuando realiz\u00f3 una publicaci\u00f3n en su cuenta de Instagram, donde\u00a0aseguraba ser 25 por ciento argentina.\u00a0 Desde entonces, las cr\u00edticas no han cesado, [&hellip;]<\/p>\n","protected":false},"author":1,"featured_media":20041,"comment_status":"open","ping_status":"closed","sticky":false,"template":"","format":"standard","meta":{"footnotes":""},"categories":[4],"tags":[],"class_list":["post-20039","post","type-post","status-publish","format-standard","has-post-thumbnail","hentry","category-espectaculos"],"_links":{"self":[{"href":"https:\/\/podernacional.com\/index.php?rest_route=\/wp\/v2\/posts\/20039","targetHints":{"allow":["GET"]}}],"collection":[{"href":"https:\/\/podernacional.com\/index.php?rest_route=\/wp\/v2\/posts"}],"about":[{"href":"https:\/\/podernacional.com\/index.php?rest_route=\/wp\/v2\/types\/post"}],"author":[{"embeddable":true,"href":"https:\/\/podernacional.com\/index.php?rest_route=\/wp\/v2\/users\/1"}],"replies":[{"embeddable":true,"href":"https:\/\/podernacional.com\/index.php?rest_route=%2Fwp%2Fv2%2Fcomments&post=20039"}],"version-history":[{"count":1,"href":"https:\/\/podernacional.com\/index.php?rest_route=\/wp\/v2\/posts\/20039\/revisions"}],"predecessor-version":[{"id":20040,"href":"https:\/\/podernacional.com\/index.php?rest_route=\/wp\/v2\/posts\/20039\/revisions\/20040"}],"wp:featuredmedia":[{"embeddable":true,"href":"https:\/\/podernacional.com\/index.php?rest_route=\/wp\/v2\/media\/20041"}],"wp:attachment":[{"href":"https:\/\/podernacional.com\/index.php?rest_route=%2Fwp%2Fv2%2Fmedia&parent=20039"}],"wp:term":[{"taxonomy":"category","embeddable":true,"href":"https:\/\/podernacional.com\/index.php?rest_route=%2Fwp%2Fv2%2Fcategories&post=20039"},{"taxonomy":"post_tag","embeddable":true,"href":"https:\/\/podernacional.com\/index.php?rest_route=%2Fwp%2Fv2%2Ftags&post=20039"}],"curies":[{"name":"wp","href":"https:\/\/api.w.org\/{rel}","templated":true}]}}