{"id":20048,"date":"2024-01-04T14:33:34","date_gmt":"2024-01-04T14:33:34","guid":{"rendered":"https:\/\/podernacional.com\/?p=20048"},"modified":"2024-01-04T14:33:34","modified_gmt":"2024-01-04T14:33:34","slug":"ocupacion-hotelera-supera-el-90-con-701-vuelos-al-cierre-del-ano-en-cancun","status":"publish","type":"post","link":"https:\/\/podernacional.com\/?p=20048","title":{"rendered":"Ocupaci\u00f3n hotelera supera el 90% con 701 vuelos al cierre del a\u00f1o, en Canc\u00fan"},"content":{"rendered":"<p>La ocupaci\u00f3n hotelera en Canc\u00fan al cierre del a\u00f1o y en el comienzo de 2024 alcanza niveles r\u00e9cord, superando el 90%, con un impresionante total de 701 vuelos registrados el 30 de diciembre, seg\u00fan informa la Asociaci\u00f3n de Hoteles de Canc\u00fan, Puerto Morelos e Isla Mujeres.<\/p>\n<p>A pesar de las previsiones de una ligera desaceleraci\u00f3n del 2% en el mercado estadounidense para el nuevo a\u00f1o, pronosticadas por el titular de AMATUR, Sergio Gonz\u00e1lez Rubiera, los destinos del Caribe mexicano han experimentado un cierre de a\u00f1o e inicio de temporada excepcionales.<\/p>\n<p>Rubiera, al evaluar el desempe\u00f1o de 2023, se muestra cauteloso al referirse a la situaci\u00f3n como un \u00abbuen a\u00f1o\u00bb, evitando utilizar la palabra \u00abr\u00e9cords\u00bb mencionada en las cifras oficiales. No obstante, destaca un aumento en el mercado canadiense y reconoce el desaf\u00edo de atraer m\u00e1s turistas de Colombia y Brasil, enfrentando obst\u00e1culos relacionados con visados y permisos migratorios.<\/p>\n<p>En respuesta a estos desaf\u00edos, Rubiera aboga por una estrategia de promoci\u00f3n tur\u00edstica m\u00e1s enfocada en 2024, dirigida especialmente a segmentos de estratos altos que muestran propensi\u00f3n al gasto en experiencias de lujo, as\u00ed como en actividades gastron\u00f3micas y deportivas de mayor poder adquisitivo.<\/p>\n<p>En cuanto al tr\u00e1fico a\u00e9reo internacional hacia M\u00e9xico durante 2023, Canc\u00fan destac\u00f3 al acaparar significativamente el 36.1% de los 34.9 millones de asientos de avi\u00f3n, alcanzando un total de 12.6 millones. De esta manera, se consolida como la principal terminal a\u00e9rea en t\u00e9rminos de flujo de pasajeros internacionales en todo el pa\u00eds. En segundo lugar se encuentra el Aeropuerto Internacional de la Ciudad de M\u00e9xico (AICM), con 9.8 millones de asientos de avi\u00f3n (28.3%), seguido por Guadalajara con 3 millones (8.8%), Puerto Vallarta con 2.2 millones (6.6%) y Monterrey con 1.2 millones (3.6%).<\/p>\n","protected":false},"excerpt":{"rendered":"<p>La ocupaci\u00f3n hotelera en Canc\u00fan al cierre del a\u00f1o y en el comienzo de 2024 alcanza niveles r\u00e9cord, superando el 90%, con un impresionante total de 701 vuelos registrados el 30 de diciembre, seg\u00fan informa la Asociaci\u00f3n de Hoteles de Canc\u00fan, Puerto Morelos e Isla Mujeres. A pesar de las previsiones de una ligera desaceleraci\u00f3n [&hellip;]<\/p>\n","protected":false},"author":1,"featured_media":20049,"comment_status":"open","ping_status":"open","sticky":false,"template":"","format":"standard","meta":{"footnotes":""},"categories":[6],"tags":[],"class_list":["post-20048","post","type-post","status-publish","format-standard","has-post-thumbnail","hentry","category-local"],"_links":{"self":[{"href":"https:\/\/podernacional.com\/index.php?rest_route=\/wp\/v2\/posts\/20048","targetHints":{"allow":["GET"]}}],"collection":[{"href":"https:\/\/podernacional.com\/index.php?rest_route=\/wp\/v2\/posts"}],"about":[{"href":"https:\/\/podernacional.com\/index.php?rest_route=\/wp\/v2\/types\/post"}],"author":[{"embeddable":true,"href":"https:\/\/podernacional.com\/index.php?rest_route=\/wp\/v2\/users\/1"}],"replies":[{"embeddable":true,"href":"https:\/\/podernacional.com\/index.php?rest_route=%2Fwp%2Fv2%2Fcomments&post=20048"}],"version-history":[{"count":1,"href":"https:\/\/podernacional.com\/index.php?rest_route=\/wp\/v2\/posts\/20048\/revisions"}],"predecessor-version":[{"id":20050,"href":"https:\/\/podernacional.com\/index.php?rest_route=\/wp\/v2\/posts\/20048\/revisions\/20050"}],"wp:featuredmedia":[{"embeddable":true,"href":"https:\/\/podernacional.com\/index.php?rest_route=\/wp\/v2\/media\/20049"}],"wp:attachment":[{"href":"https:\/\/podernacional.com\/index.php?rest_route=%2Fwp%2Fv2%2Fmedia&parent=20048"}],"wp:term":[{"taxonomy":"category","embeddable":true,"href":"https:\/\/podernacional.com\/index.php?rest_route=%2Fwp%2Fv2%2Fcategories&post=20048"},{"taxonomy":"post_tag","embeddable":true,"href":"https:\/\/podernacional.com\/index.php?rest_route=%2Fwp%2Fv2%2Ftags&post=20048"}],"curies":[{"name":"wp","href":"https:\/\/api.w.org\/{rel}","templated":true}]}}