{"id":20051,"date":"2024-01-04T14:50:13","date_gmt":"2024-01-04T14:50:13","guid":{"rendered":"https:\/\/podernacional.com\/?p=20051"},"modified":"2024-01-04T14:50:13","modified_gmt":"2024-01-04T14:50:13","slug":"ctm-quintana-roo-impulsa-la-reduccion-de-jornadas-laborales-a-40-horas","status":"publish","type":"post","link":"https:\/\/podernacional.com\/?p=20051","title":{"rendered":"CTM Quintana Roo impulsa la reducci\u00f3n de jornadas laborales a 40 horas"},"content":{"rendered":"<p>Este a\u00f1o, desde la CTM en Quintana Roo, se impulsar\u00e1 la propuesta de reducir las jornadas laborales a 40 horas, una iniciativa que qued\u00f3 estancada en 2023 y que busca brindar mayores beneficios a los trabajadores.<\/p>\n<p>Isidro Santamar\u00eda Casanova, secretario general de la Confederaci\u00f3n de Trabajadores de M\u00e9xico (CTM), explic\u00f3 que en colaboraci\u00f3n con la representaci\u00f3n nacional, se buscar\u00e1 la aprobaci\u00f3n de la reducci\u00f3n de las horas de trabajo, una solicitud pendiente desde el a\u00f1o anterior.<\/p>\n<p>\u00abEs una demanda de larga data que ha presentado el sindicato y esperamos que este a\u00f1o se logre la jornada laboral, tenemos buenas expectativas ya que se comprende que al proporcionar a los colaboradores mejores condiciones no solo salariales, sino tambi\u00e9n de cuidado de su salud, se incrementa la productividad, generando un mayor crecimiento\u00bb, afirm\u00f3.<\/p>\n<p>La propuesta, presentada en la C\u00e1mara de Diputados para modificar la Ley Federal del Trabajo y reducir las jornadas laborales semanales de 48 a 40 horas, se encuentra en pausa tras ser sometida a un parlamento abierto debido a la oposici\u00f3n del sector empresarial, que argumenta posibles afectaciones, especialmente para las peque\u00f1as empresas. Sin embargo, se espera retomarla en el transcurso de este a\u00f1o.<\/p>\n<p>Santamar\u00eda destac\u00f3 avances positivos, como el aumento de los d\u00edas de descanso a trav\u00e9s de las \u00abvacaciones dignas\u00bb, implementadas este a\u00f1o. Adem\u00e1s, se\u00f1al\u00f3 que se est\u00e1n negociando aumentos salariales y se espera lograr la reducci\u00f3n de las horas de trabajo.<\/p>\n<p>La CTM, con una representaci\u00f3n de 44 mil trabajadores en la entidad y m\u00e1s de 180 contratos colectivos de trabajo, trabajar\u00e1 para lograr una jornada laboral de 40 horas, en colaboraci\u00f3n con los representantes sociales que reconocen la importancia de avanzar hacia reformas, siguiendo ejemplos de otros pa\u00edses, a pesar de la oposici\u00f3n de la Confederaci\u00f3n Patronal de la Rep\u00fablica Mexicana (Coparmex), que considera que la reforma deber\u00eda implementarse de manera gradual para no perjudicar a los empleadores.<\/p>\n","protected":false},"excerpt":{"rendered":"<p>Este a\u00f1o, desde la CTM en Quintana Roo, se impulsar\u00e1 la propuesta de reducir las jornadas laborales a 40 horas, una iniciativa que qued\u00f3 estancada en 2023 y que busca brindar mayores beneficios a los trabajadores. Isidro Santamar\u00eda Casanova, secretario general de la Confederaci\u00f3n de Trabajadores de M\u00e9xico (CTM), explic\u00f3 que en colaboraci\u00f3n con la [&hellip;]<\/p>\n","protected":false},"author":1,"featured_media":20052,"comment_status":"open","ping_status":"open","sticky":false,"template":"","format":"standard","meta":{"footnotes":""},"categories":[6],"tags":[],"class_list":["post-20051","post","type-post","status-publish","format-standard","has-post-thumbnail","hentry","category-local"],"_links":{"self":[{"href":"https:\/\/podernacional.com\/index.php?rest_route=\/wp\/v2\/posts\/20051","targetHints":{"allow":["GET"]}}],"collection":[{"href":"https:\/\/podernacional.com\/index.php?rest_route=\/wp\/v2\/posts"}],"about":[{"href":"https:\/\/podernacional.com\/index.php?rest_route=\/wp\/v2\/types\/post"}],"author":[{"embeddable":true,"href":"https:\/\/podernacional.com\/index.php?rest_route=\/wp\/v2\/users\/1"}],"replies":[{"embeddable":true,"href":"https:\/\/podernacional.com\/index.php?rest_route=%2Fwp%2Fv2%2Fcomments&post=20051"}],"version-history":[{"count":1,"href":"https:\/\/podernacional.com\/index.php?rest_route=\/wp\/v2\/posts\/20051\/revisions"}],"predecessor-version":[{"id":20053,"href":"https:\/\/podernacional.com\/index.php?rest_route=\/wp\/v2\/posts\/20051\/revisions\/20053"}],"wp:featuredmedia":[{"embeddable":true,"href":"https:\/\/podernacional.com\/index.php?rest_route=\/wp\/v2\/media\/20052"}],"wp:attachment":[{"href":"https:\/\/podernacional.com\/index.php?rest_route=%2Fwp%2Fv2%2Fmedia&parent=20051"}],"wp:term":[{"taxonomy":"category","embeddable":true,"href":"https:\/\/podernacional.com\/index.php?rest_route=%2Fwp%2Fv2%2Fcategories&post=20051"},{"taxonomy":"post_tag","embeddable":true,"href":"https:\/\/podernacional.com\/index.php?rest_route=%2Fwp%2Fv2%2Ftags&post=20051"}],"curies":[{"name":"wp","href":"https:\/\/api.w.org\/{rel}","templated":true}]}}