{"id":20054,"date":"2024-01-04T15:15:47","date_gmt":"2024-01-04T15:15:47","guid":{"rendered":"https:\/\/podernacional.com\/?p=20054"},"modified":"2024-01-04T15:15:47","modified_gmt":"2024-01-04T15:15:47","slug":"ninos-de-tabasco-y-chiapas-trabajan-en-el-corazon-de-la-ciudad","status":"publish","type":"post","link":"https:\/\/podernacional.com\/?p=20054","title":{"rendered":"Ni\u00f1os de Tabasco y Chiapas trabajan en el coraz\u00f3n de la ciudad"},"content":{"rendered":"<p>Debido al crecimiento urbano, los casos de ni\u00f1os laborando en las calles han aumentado, especialmente en \u00e1reas con mayor tr\u00e1fico, seg\u00fan indic\u00f3 Lupita Alcocer Estrada, secretaria ejecutiva del Sistema Nacional de Protecci\u00f3n de Ni\u00f1as, Ni\u00f1os y Adolescentes (Sipinna) de Benito Ju\u00e1rez.<\/p>\n<p>En una breve entrevista, la directora de Sipinna se\u00f1al\u00f3 que muchos de estos menores provienen de Tabasco y Chiapas, y han sido identificados trabajando incluso en las proximidades del Palacio Municipal. Aunque la funcionaria no proporcion\u00f3 cifras espec\u00edficas sobre las intervenciones realizadas en 2023, asegur\u00f3 que este a\u00f1o intensificar\u00e1n las actividades para erradicar el trabajo infantil en las calles de la ciudad, ya llevando a cabo trabajo de campo.<\/p>\n<p>Alcocer enfatiz\u00f3 que, seg\u00fan la ley, los ni\u00f1os deben estar estudiando, pudiendo comenzar a trabajar a partir de los 16 a\u00f1os por per\u00edodos cortos, siempre que no pongan en riesgo su salud y f\u00edsico, y cuenten con la autorizaci\u00f3n de sus padres.<\/p>\n","protected":false},"excerpt":{"rendered":"<p>Debido al crecimiento urbano, los casos de ni\u00f1os laborando en las calles han aumentado, especialmente en \u00e1reas con mayor tr\u00e1fico, seg\u00fan indic\u00f3 Lupita Alcocer Estrada, secretaria ejecutiva del Sistema Nacional de Protecci\u00f3n de Ni\u00f1as, Ni\u00f1os y Adolescentes (Sipinna) de Benito Ju\u00e1rez. En una breve entrevista, la directora de Sipinna se\u00f1al\u00f3 que muchos de estos menores [&hellip;]<\/p>\n","protected":false},"author":1,"featured_media":20055,"comment_status":"open","ping_status":"open","sticky":false,"template":"","format":"standard","meta":{"footnotes":""},"categories":[6],"tags":[],"class_list":["post-20054","post","type-post","status-publish","format-standard","has-post-thumbnail","hentry","category-local"],"_links":{"self":[{"href":"https:\/\/podernacional.com\/index.php?rest_route=\/wp\/v2\/posts\/20054","targetHints":{"allow":["GET"]}}],"collection":[{"href":"https:\/\/podernacional.com\/index.php?rest_route=\/wp\/v2\/posts"}],"about":[{"href":"https:\/\/podernacional.com\/index.php?rest_route=\/wp\/v2\/types\/post"}],"author":[{"embeddable":true,"href":"https:\/\/podernacional.com\/index.php?rest_route=\/wp\/v2\/users\/1"}],"replies":[{"embeddable":true,"href":"https:\/\/podernacional.com\/index.php?rest_route=%2Fwp%2Fv2%2Fcomments&post=20054"}],"version-history":[{"count":1,"href":"https:\/\/podernacional.com\/index.php?rest_route=\/wp\/v2\/posts\/20054\/revisions"}],"predecessor-version":[{"id":20056,"href":"https:\/\/podernacional.com\/index.php?rest_route=\/wp\/v2\/posts\/20054\/revisions\/20056"}],"wp:featuredmedia":[{"embeddable":true,"href":"https:\/\/podernacional.com\/index.php?rest_route=\/wp\/v2\/media\/20055"}],"wp:attachment":[{"href":"https:\/\/podernacional.com\/index.php?rest_route=%2Fwp%2Fv2%2Fmedia&parent=20054"}],"wp:term":[{"taxonomy":"category","embeddable":true,"href":"https:\/\/podernacional.com\/index.php?rest_route=%2Fwp%2Fv2%2Fcategories&post=20054"},{"taxonomy":"post_tag","embeddable":true,"href":"https:\/\/podernacional.com\/index.php?rest_route=%2Fwp%2Fv2%2Ftags&post=20054"}],"curies":[{"name":"wp","href":"https:\/\/api.w.org\/{rel}","templated":true}]}}