{"id":20057,"date":"2024-01-05T14:29:36","date_gmt":"2024-01-05T14:29:36","guid":{"rendered":"https:\/\/podernacional.com\/?p=20057"},"modified":"2024-01-05T14:29:36","modified_gmt":"2024-01-05T14:29:36","slug":"clima-variado-en-la-peninsula-de-yucatan-parcialmente-nublado-con-posibles-lluvias-aisladas","status":"publish","type":"post","link":"https:\/\/podernacional.com\/?p=20057","title":{"rendered":"Clima variado en la Pen\u00ednsula de Yucat\u00e1n: parcialmente nublado con posibles lluvias aisladas"},"content":{"rendered":"<p>Durante este viernes, el frente fr\u00edo n\u00famero 24 se extender\u00e1 sobre el norte y noreste del territorio nacional, mantendr\u00e1 interacci\u00f3n con las corrientes en chorro polar y subtropical, ocasionando fuertes a muy fuertes rachas de viento con tolvaneras en dichas regiones, as\u00ed como en la Mesa Central y el Valle de M\u00e9xico.<\/p>\n<p>Asimismo, se presentar\u00e1 surada con fuertes rachas de viento en el oriente, sureste y Pen\u00ednsula de Yucat\u00e1n.<\/p>\n<p>La masa de aire fr\u00edo asociada al frente n\u00famero 24 provocar\u00e1 ambiente matutino y nocturno fr\u00edo a muy fr\u00edo con heladas y bancos de niebla en zonas altas del noroeste, norte y noreste del pa\u00eds, con ambiente g\u00e9lido al amanecer en Sonora, Chihuahua y Durango, as\u00ed como viento de componente norte en el litoral de Tamaulipas y Veracruz (norte).<\/p>\n<p>Por otro lado, la masa de aire fr\u00edo que impuls\u00f3 al frente n\u00famero 22 seguir\u00e1 modificando sus caracter\u00edsticas t\u00e9rmicas, permitiendo un gradual ascenso de las temperaturas vespertinas en el centro, oriente y sureste del pa\u00eds, sin embargo, el ambiente durante la ma\u00f1ana y noche seguir\u00e1 siendo fr\u00edo a muy fr\u00edo con probables heladas en estas regiones.<\/p>\n<p>En tanto, el frente n\u00famero 22 se extender\u00e1 sobre el oriente del Golfo de M\u00e9xico, sin afectar al territorio mexicano. Finalmente, se mantendr\u00e1 una baja probabilidad de lluvias en gran parte de la Rep\u00fablica Mexicana.<\/p>\n<p>En la Pen\u00ednsula de Yucat\u00e1n, el cielo estar\u00e1 parcialmente nublado a medio nublado durante el d\u00eda con probabilidad de lluvias aisladas en Campeche y Quintana Roo, sin lluvia en Yucat\u00e1n.<\/p>\n<p>El Ambiente fresco a templado al amanecer y c\u00e1lido a caluroso por la tarde, siendo muy caluroso en Campeche. Viento de componente sur (surada) de 10 a 25 km\/h con rachas de 40 a 60 km\/h en la regi\u00f3n.<\/p>\n","protected":false},"excerpt":{"rendered":"<p>Durante este viernes, el frente fr\u00edo n\u00famero 24 se extender\u00e1 sobre el norte y noreste del territorio nacional, mantendr\u00e1 interacci\u00f3n con las corrientes en chorro polar y subtropical, ocasionando fuertes a muy fuertes rachas de viento con tolvaneras en dichas regiones, as\u00ed como en la Mesa Central y el Valle de M\u00e9xico. Asimismo, se presentar\u00e1 [&hellip;]<\/p>\n","protected":false},"author":1,"featured_media":20058,"comment_status":"open","ping_status":"open","sticky":false,"template":"","format":"standard","meta":{"footnotes":""},"categories":[6],"tags":[],"class_list":["post-20057","post","type-post","status-publish","format-standard","has-post-thumbnail","hentry","category-local"],"_links":{"self":[{"href":"https:\/\/podernacional.com\/index.php?rest_route=\/wp\/v2\/posts\/20057","targetHints":{"allow":["GET"]}}],"collection":[{"href":"https:\/\/podernacional.com\/index.php?rest_route=\/wp\/v2\/posts"}],"about":[{"href":"https:\/\/podernacional.com\/index.php?rest_route=\/wp\/v2\/types\/post"}],"author":[{"embeddable":true,"href":"https:\/\/podernacional.com\/index.php?rest_route=\/wp\/v2\/users\/1"}],"replies":[{"embeddable":true,"href":"https:\/\/podernacional.com\/index.php?rest_route=%2Fwp%2Fv2%2Fcomments&post=20057"}],"version-history":[{"count":1,"href":"https:\/\/podernacional.com\/index.php?rest_route=\/wp\/v2\/posts\/20057\/revisions"}],"predecessor-version":[{"id":20059,"href":"https:\/\/podernacional.com\/index.php?rest_route=\/wp\/v2\/posts\/20057\/revisions\/20059"}],"wp:featuredmedia":[{"embeddable":true,"href":"https:\/\/podernacional.com\/index.php?rest_route=\/wp\/v2\/media\/20058"}],"wp:attachment":[{"href":"https:\/\/podernacional.com\/index.php?rest_route=%2Fwp%2Fv2%2Fmedia&parent=20057"}],"wp:term":[{"taxonomy":"category","embeddable":true,"href":"https:\/\/podernacional.com\/index.php?rest_route=%2Fwp%2Fv2%2Fcategories&post=20057"},{"taxonomy":"post_tag","embeddable":true,"href":"https:\/\/podernacional.com\/index.php?rest_route=%2Fwp%2Fv2%2Ftags&post=20057"}],"curies":[{"name":"wp","href":"https:\/\/api.w.org\/{rel}","templated":true}]}}