{"id":20063,"date":"2024-01-05T14:59:10","date_gmt":"2024-01-05T14:59:10","guid":{"rendered":"https:\/\/podernacional.com\/?p=20063"},"modified":"2024-01-05T14:59:10","modified_gmt":"2024-01-05T14:59:10","slug":"oscar-pistorius-regresa-a-casa-dan-libertad-condicional-al-paraatleta","status":"publish","type":"post","link":"https:\/\/podernacional.com\/?p=20063","title":{"rendered":"Oscar Pistorius regresa a casa; dan libertad condicional al paraatleta"},"content":{"rendered":"<p>El deportista sudafricano Oscar Pistorius ha sido liberado bajo libertad condicional y actualmente se encuentra en su residencia, seg\u00fan inform\u00f3 el Departamento de Prisiones de Sud\u00e1frica el viernes.<\/p>\n<p>Las autoridades, sin proporcionar detalles adicionales sobre su liberaci\u00f3n, anunciaron la noticia alrededor de las 08:30 de la ma\u00f1ana. Esto indica que los funcionarios penitenciarios liberaron al reconocido corredor ol\u00edmpico y paral\u00edmpico, que tiene ambas piernas amputadas, temprano en la ma\u00f1ana del Centro Correccional Atteridgeville, en Pretoria, la capital sudafricana.<\/p>\n<p>Hasta ahora, Pistorius ha cumplido aproximadamente nueve de los 13 a\u00f1os y cinco meses de su condena por el asesinato de su novia, Reeva Steenkamp, en el d\u00eda de San Valent\u00edn de 2013. Su libertad condicional fue aprobada en noviembre pasado.<\/p>\n<p>En Sud\u00e1frica, los condenados por delitos graves pueden solicitar la libertad condicional despu\u00e9s de cumplir al menos la mitad de su sentencia. El Departamento de Prisiones confirm\u00f3 en un comunicado que Oscar Pistorius est\u00e1 en libertad condicional desde el 5 de enero de 2024 y ha sido incorporado al sistema de Correcci\u00f3n Comunitaria, encontr\u00e1ndose en su residencia.<\/p>\n<p>Se espera que Pistorius resida inicialmente en la mansi\u00f3n de su t\u00edo en el exclusivo suburbio de Waterkloof, en Pretoria, donde ya se ha observado la presencia de una camioneta de polic\u00eda. Durante el resto de su condena, que finaliza en diciembre de 2029, estar\u00e1 sujeto a estrictas condiciones de libertad condicional.<\/p>\n<p>Estas condiciones incluyen restricciones sobre sus movimientos, la prohibici\u00f3n de consumir alcohol, la participaci\u00f3n en programas de gesti\u00f3n de ira y violencia contra la mujer, as\u00ed como la realizaci\u00f3n de servicios a la comunidad. Pistorius deber\u00e1 tener reuniones peri\u00f3dicas en su domicilio y en las oficinas de los servicios penitenciarios, adem\u00e1s de someterse a visitas no anunciadas. No se utilizar\u00e1n dispositivos de rastreo, pero estar\u00e1 bajo vigilancia constante y deber\u00e1 informar cualquier cambio significativo en su vida. El incumplimiento de estas normas podr\u00eda resultar en su regreso a prisi\u00f3n.<\/p>\n","protected":false},"excerpt":{"rendered":"<p>El deportista sudafricano Oscar Pistorius ha sido liberado bajo libertad condicional y actualmente se encuentra en su residencia, seg\u00fan inform\u00f3 el Departamento de Prisiones de Sud\u00e1frica el viernes. Las autoridades, sin proporcionar detalles adicionales sobre su liberaci\u00f3n, anunciaron la noticia alrededor de las 08:30 de la ma\u00f1ana. Esto indica que los funcionarios penitenciarios liberaron al [&hellip;]<\/p>\n","protected":false},"author":1,"featured_media":20064,"comment_status":"open","ping_status":"open","sticky":false,"template":"","format":"standard","meta":{"footnotes":""},"categories":[3],"tags":[],"class_list":["post-20063","post","type-post","status-publish","format-standard","has-post-thumbnail","hentry","category-deportes"],"_links":{"self":[{"href":"https:\/\/podernacional.com\/index.php?rest_route=\/wp\/v2\/posts\/20063","targetHints":{"allow":["GET"]}}],"collection":[{"href":"https:\/\/podernacional.com\/index.php?rest_route=\/wp\/v2\/posts"}],"about":[{"href":"https:\/\/podernacional.com\/index.php?rest_route=\/wp\/v2\/types\/post"}],"author":[{"embeddable":true,"href":"https:\/\/podernacional.com\/index.php?rest_route=\/wp\/v2\/users\/1"}],"replies":[{"embeddable":true,"href":"https:\/\/podernacional.com\/index.php?rest_route=%2Fwp%2Fv2%2Fcomments&post=20063"}],"version-history":[{"count":1,"href":"https:\/\/podernacional.com\/index.php?rest_route=\/wp\/v2\/posts\/20063\/revisions"}],"predecessor-version":[{"id":20065,"href":"https:\/\/podernacional.com\/index.php?rest_route=\/wp\/v2\/posts\/20063\/revisions\/20065"}],"wp:featuredmedia":[{"embeddable":true,"href":"https:\/\/podernacional.com\/index.php?rest_route=\/wp\/v2\/media\/20064"}],"wp:attachment":[{"href":"https:\/\/podernacional.com\/index.php?rest_route=%2Fwp%2Fv2%2Fmedia&parent=20063"}],"wp:term":[{"taxonomy":"category","embeddable":true,"href":"https:\/\/podernacional.com\/index.php?rest_route=%2Fwp%2Fv2%2Fcategories&post=20063"},{"taxonomy":"post_tag","embeddable":true,"href":"https:\/\/podernacional.com\/index.php?rest_route=%2Fwp%2Fv2%2Ftags&post=20063"}],"curies":[{"name":"wp","href":"https:\/\/api.w.org\/{rel}","templated":true}]}}