{"id":20095,"date":"2024-01-08T14:46:25","date_gmt":"2024-01-08T14:46:25","guid":{"rendered":"https:\/\/podernacional.com\/?p=20095"},"modified":"2024-01-08T14:46:25","modified_gmt":"2024-01-08T14:46:25","slug":"el-boxeador-ryan-garcia-anuncia-nacimiento-y-divorcio-en-un-dia","status":"publish","type":"post","link":"https:\/\/podernacional.com\/?p=20095","title":{"rendered":"El boxeador Ryan Garc\u00eda anuncia nacimiento y divorcio en un d\u00eda"},"content":{"rendered":"<p>El reconocido p\u00fagil Ryan Garc\u00eda dej\u00f3 al mundo en vilo con una monta\u00f1a rusa de emociones en las \u00faltimas horas. El boxeador de origen americano-mexicano anunci\u00f3 a trav\u00e9s de sus redes sociales el nacimiento de su primer hijo, Henry Leo. Sin embargo, las horas transcurridas trajeron consigo la sorprendente noticia de su divorcio.<\/p>\n<p>Acompa\u00f1ando una conmovedora fotograf\u00eda, Garc\u00eda comparti\u00f3 la dicha de convertirse en padre, expresando su amor y gratitud: \u00abEs un honor anunciar a mi hermoso HIJO primog\u00e9nito. ALABANZA AL SE\u00d1OR. Estoy muy agradecido, ya lo amo mucho. Ya es muy r\u00e1pido, jaja. Le tom\u00f3 solo 8 minutos llegar. S\u00e9 de d\u00f3nde sac\u00f3 esa velocidad, jajaja. \u00a1DIOS LO HIZO! Y DIOS LO HAR\u00c1&#8230; GRACIAS SE\u00d1OR, TE AMO\u00bb.<\/p>\n<p>Sin embargo, la euforia se vio ensombrecida tan solo una hora despu\u00e9s, cuando Garc\u00eda sorpresivamente anunci\u00f3 su separaci\u00f3n de su pareja, Andrea Celina. En una segunda publicaci\u00f3n, expres\u00f3: \u201cA medida que entro en un nuevo cap\u00edtulo de mi vida, comparto con gran pesar que Drea y yo hemos decidido divorciarnos\u201d, agradeciendo los momentos compartidos con su ahora expareja.<\/p>\n<p>La publicaci\u00f3n, aunque estuvo presente en la cuenta de Garc\u00eda por aproximadamente 12 horas, fue finalmente eliminada. Celina, por su parte, ha optado por el silencio p\u00fablico en cuanto a su relaci\u00f3n, limit\u00e1ndose a compartir mensajes cr\u00edpticos en su cuenta de Instagram. El drama personal del boxeador sigue siendo tema de especulaci\u00f3n y atenci\u00f3n medi\u00e1tica. Estaremos atentos a cualquier desarrollo adicional.<\/p>\n","protected":false},"excerpt":{"rendered":"<p>El reconocido p\u00fagil Ryan Garc\u00eda dej\u00f3 al mundo en vilo con una monta\u00f1a rusa de emociones en las \u00faltimas horas. El boxeador de origen americano-mexicano anunci\u00f3 a trav\u00e9s de sus redes sociales el nacimiento de su primer hijo, Henry Leo. Sin embargo, las horas transcurridas trajeron consigo la sorprendente noticia de su divorcio. Acompa\u00f1ando una [&hellip;]<\/p>\n","protected":false},"author":1,"featured_media":20096,"comment_status":"open","ping_status":"open","sticky":false,"template":"","format":"standard","meta":{"footnotes":""},"categories":[3],"tags":[],"class_list":["post-20095","post","type-post","status-publish","format-standard","has-post-thumbnail","hentry","category-deportes"],"_links":{"self":[{"href":"https:\/\/podernacional.com\/index.php?rest_route=\/wp\/v2\/posts\/20095","targetHints":{"allow":["GET"]}}],"collection":[{"href":"https:\/\/podernacional.com\/index.php?rest_route=\/wp\/v2\/posts"}],"about":[{"href":"https:\/\/podernacional.com\/index.php?rest_route=\/wp\/v2\/types\/post"}],"author":[{"embeddable":true,"href":"https:\/\/podernacional.com\/index.php?rest_route=\/wp\/v2\/users\/1"}],"replies":[{"embeddable":true,"href":"https:\/\/podernacional.com\/index.php?rest_route=%2Fwp%2Fv2%2Fcomments&post=20095"}],"version-history":[{"count":1,"href":"https:\/\/podernacional.com\/index.php?rest_route=\/wp\/v2\/posts\/20095\/revisions"}],"predecessor-version":[{"id":20097,"href":"https:\/\/podernacional.com\/index.php?rest_route=\/wp\/v2\/posts\/20095\/revisions\/20097"}],"wp:featuredmedia":[{"embeddable":true,"href":"https:\/\/podernacional.com\/index.php?rest_route=\/wp\/v2\/media\/20096"}],"wp:attachment":[{"href":"https:\/\/podernacional.com\/index.php?rest_route=%2Fwp%2Fv2%2Fmedia&parent=20095"}],"wp:term":[{"taxonomy":"category","embeddable":true,"href":"https:\/\/podernacional.com\/index.php?rest_route=%2Fwp%2Fv2%2Fcategories&post=20095"},{"taxonomy":"post_tag","embeddable":true,"href":"https:\/\/podernacional.com\/index.php?rest_route=%2Fwp%2Fv2%2Ftags&post=20095"}],"curies":[{"name":"wp","href":"https:\/\/api.w.org\/{rel}","templated":true}]}}