{"id":201,"date":"2020-06-03T23:51:03","date_gmt":"2020-06-03T23:51:03","guid":{"rendered":"http:\/\/whatsappcancun.com\/?p=201"},"modified":"2020-06-03T23:51:03","modified_gmt":"2020-06-03T23:51:03","slug":"un-camion-embiste-contra-una-protesta-en-minneapolis-sin-causar-victimas","status":"publish","type":"post","link":"https:\/\/podernacional.com\/?p=201","title":{"rendered":"Un cami\u00f3n embiste contra una protesta en Minneapolis sin causar v\u00edctimas"},"content":{"rendered":"\n<p>Un conductor embisti\u00f3 este domingo con un cami\u00f3n cisterna a una multitudinaria manifestaci\u00f3n en Mine\u00e1polis (EEUU), escenario de protestas raciales en la \u00faltima semana,&nbsp;<strong>sin que aparentemente nadie resultase herido.<\/strong><\/p>\n\n\n\n<p>Miles de personas avanzaban por la autopista I-35W, que estaba cortada al tr\u00e1fico, cuando el cami\u00f3n cisterna&nbsp;<strong>arremeti\u00f3 a gran velocidad contra la protesta.<\/strong><\/p>\n\n\n\n<p>Se vivieron&nbsp;<strong>momentos de p\u00e1nico y caos&nbsp;<\/strong>mientras los manifestantes trataron de echarse a los lados de la autopista, elevada en ese punto, para evitar que el cami\u00f3n les atropellase.<\/p>\n\n\n\n<p>Cuando el cami\u00f3n fren\u00f3,&nbsp;<strong>una multitud se abalanz\u00f3 contra la cabina<\/strong>&nbsp;y sac\u00f3 de ella al conductor.<\/p>\n\n\n\n<p>Aunque los motivos del camionero se desconocen, seg\u00fan explic\u00f3 un testimonio a la afiliada local de NBC, cuando fue cuestionado dijo que&nbsp;<strong>solo quer\u00eda \u00abintimidar\u00bb a los manifestantes<\/strong>&nbsp;para detener la protesta.<\/p>\n\n\n\n<p>Un gran grupo de personas<strong>&nbsp;rode\u00f3 y agredi\u00f3 al conductor&nbsp;<\/strong>hasta la llegada de la Polic\u00eda, minutos despu\u00e9s, que se lo llev\u00f3 detenido.<\/p>\n\n\n\n<p>\u00abEl conductor result\u00f3 herido y fue trasladado a un hospital con&nbsp;lesiones leves.&nbsp;Est\u00e1 detenido. No parece que ning\u00fan manifestante haya sido atropellado por el cami\u00f3n\u00bb, inform\u00f3 el Departamento de Seguridad P\u00fablica de Minnesota.<\/p>\n\n\n\n<p>El gobernador del estado,&nbsp;<strong>Tim Walz,&nbsp;<\/strong>declar\u00f3 que \u00abno tener una tragedia con muchos muertos es algo incre\u00edble\u00bb.<\/p>\n\n\n\n<p>La Polic\u00eda aprovech\u00f3 la ocasi\u00f3n para&nbsp;<strong>dispersar la multitudinaria protesta,<\/strong>&nbsp;que seg\u00fan defini\u00f3 el mismo Departamento de Seguridad P\u00fablica era \u00abpac\u00edfica\u00bb.<\/p>\n\n\n\n<p>Los agentes rociaron con&nbsp;<strong>gases lacrim\u00f3genos&nbsp;<\/strong>con el objetivo de despejar la autopista.<\/p>\n\n\n\n<p>Minneapolis vive d\u00edas de protestas raciales y antipoliciales por el asesinato del ciudadano afroamericano&nbsp;<strong>George Floyd&nbsp;<\/strong>el lunes.<\/p>\n\n\n\n<p>Un polic\u00eda ha sido detenido por la muerte de Floyd, aunque los manifestantes reclaman&nbsp;<strong>el arresto de los otros tres agentes implicados<\/strong>&nbsp;en el caso.<\/p>\n\n\n\n<p>Por tercer d\u00eda consecutivo, este domingo rige un<strong>&nbsp;toque de queda<\/strong>&nbsp;a partir de las 20.00 horas. Adem\u00e1s, el sistema de autopistas est\u00e1 cerrado desde las 17.00 horas.<\/p>\n","protected":false},"excerpt":{"rendered":"<p>Un conductor embisti\u00f3 este domingo con un cami\u00f3n cisterna a una multitudinaria manifestaci\u00f3n en Mine\u00e1polis (EEUU), escenario de protestas raciales en la \u00faltima semana,&nbsp;sin que aparentemente nadie resultase herido. Miles de personas avanzaban por la autopista I-35W, que estaba cortada al tr\u00e1fico, cuando el cami\u00f3n cisterna&nbsp;arremeti\u00f3 a gran velocidad contra la protesta. Se vivieron&nbsp;momentos de [&hellip;]<\/p>\n","protected":false},"author":1,"featured_media":204,"comment_status":"open","ping_status":"open","sticky":false,"template":"","format":"standard","meta":{"footnotes":""},"categories":[5],"tags":[],"class_list":["post-201","post","type-post","status-publish","format-standard","has-post-thumbnail","hentry","category-internacional"],"_links":{"self":[{"href":"https:\/\/podernacional.com\/index.php?rest_route=\/wp\/v2\/posts\/201","targetHints":{"allow":["GET"]}}],"collection":[{"href":"https:\/\/podernacional.com\/index.php?rest_route=\/wp\/v2\/posts"}],"about":[{"href":"https:\/\/podernacional.com\/index.php?rest_route=\/wp\/v2\/types\/post"}],"author":[{"embeddable":true,"href":"https:\/\/podernacional.com\/index.php?rest_route=\/wp\/v2\/users\/1"}],"replies":[{"embeddable":true,"href":"https:\/\/podernacional.com\/index.php?rest_route=%2Fwp%2Fv2%2Fcomments&post=201"}],"version-history":[{"count":0,"href":"https:\/\/podernacional.com\/index.php?rest_route=\/wp\/v2\/posts\/201\/revisions"}],"wp:featuredmedia":[{"embeddable":true,"href":"https:\/\/podernacional.com\/index.php?rest_route=\/wp\/v2\/media\/204"}],"wp:attachment":[{"href":"https:\/\/podernacional.com\/index.php?rest_route=%2Fwp%2Fv2%2Fmedia&parent=201"}],"wp:term":[{"taxonomy":"category","embeddable":true,"href":"https:\/\/podernacional.com\/index.php?rest_route=%2Fwp%2Fv2%2Fcategories&post=201"},{"taxonomy":"post_tag","embeddable":true,"href":"https:\/\/podernacional.com\/index.php?rest_route=%2Fwp%2Fv2%2Ftags&post=201"}],"curies":[{"name":"wp","href":"https:\/\/api.w.org\/{rel}","templated":true}]}}