{"id":2011,"date":"2020-11-20T13:42:20","date_gmt":"2020-11-20T13:42:20","guid":{"rendered":"http:\/\/whatsappcancun.com\/?p=2011"},"modified":"2020-11-20T13:42:20","modified_gmt":"2020-11-20T13:42:20","slug":"tres-flamencos-robados-del-zoologico-de-chetumal","status":"publish","type":"post","link":"https:\/\/podernacional.com\/?p=2011","title":{"rendered":"Tres flamencos robados del zool\u00f3gico de Chetumal"},"content":{"rendered":"\n<p>En sus redes sociales, el jard\u00edn del<strong>&nbsp;zool\u00f3gico<\/strong>&nbsp;<a href=\"https:\/\/www.facebook.com\/Jard%C3%ADn-Zool%C3%B3gico-Payo-Obispo-1514970898802421\/\">Payo Obispo<\/a>&nbsp;<strong>en Chetumal report\u00f3 el robo de tres flamencos rosados<\/strong>&nbsp;de sus instalaciones.<\/p>\n\n\n\n<p>Han preparado la denuncia correspondiente para presentarla a las autoridades competentes, pero solicitan el apoyo de la comunidad para localizar a los ladrones, por el manejo especial que deben tener la aves.<\/p>\n\n\n\n<h2 class=\"wp-block-heading\">El zool\u00f3gico Solicita apoyo<\/h2>\n\n\n\n<blockquote class=\"wp-block-quote is-layout-flow wp-block-quote-is-layout-flow\"><p>\u201cPedimos a la ciudadan\u00eda su apoyo y cooperaci\u00f3n por si saben de alguna persona que este ofreciendo, vendiendo o tenga en su poder estas aves favor de avisar al 911, a la Profepa, a la Fiscal\u00eda del Estado, a la Fiscal\u00eda General de la Republica y\/o Guardia Nacional\u201d, publicaron.<\/p><\/blockquote>\n\n\n\n<blockquote class=\"wp-block-quote is-layout-flow wp-block-quote-is-layout-flow\"><p>\u201cEstos ejemplares son adultos y su manejo es delicado, por lo que su integridad y salud puede estar en riesgo\u201d, se\u00f1alaron.<\/p><\/blockquote>\n\n\n\n<p>Los ejemplares est\u00e1n registrados en la\u00a0<strong>Direcci\u00f3n General de Vida Silvestre de la Secretar\u00eda de Medio Ambiente y Recursos Naturales (Semarnat).<\/strong><\/p>\n","protected":false},"excerpt":{"rendered":"<p>En sus redes sociales, el jard\u00edn del&nbsp;zool\u00f3gico&nbsp;Payo Obispo&nbsp;en Chetumal report\u00f3 el robo de tres flamencos rosados&nbsp;de sus instalaciones. Han preparado la denuncia correspondiente para presentarla a las autoridades competentes, pero solicitan el apoyo de la comunidad para localizar a los ladrones, por el manejo especial que deben tener la aves. El zool\u00f3gico Solicita apoyo \u201cPedimos [&hellip;]<\/p>\n","protected":false},"author":1,"featured_media":2012,"comment_status":"open","ping_status":"open","sticky":false,"template":"","format":"standard","meta":{"footnotes":""},"categories":[6],"tags":[],"class_list":["post-2011","post","type-post","status-publish","format-standard","has-post-thumbnail","hentry","category-local"],"_links":{"self":[{"href":"https:\/\/podernacional.com\/index.php?rest_route=\/wp\/v2\/posts\/2011","targetHints":{"allow":["GET"]}}],"collection":[{"href":"https:\/\/podernacional.com\/index.php?rest_route=\/wp\/v2\/posts"}],"about":[{"href":"https:\/\/podernacional.com\/index.php?rest_route=\/wp\/v2\/types\/post"}],"author":[{"embeddable":true,"href":"https:\/\/podernacional.com\/index.php?rest_route=\/wp\/v2\/users\/1"}],"replies":[{"embeddable":true,"href":"https:\/\/podernacional.com\/index.php?rest_route=%2Fwp%2Fv2%2Fcomments&post=2011"}],"version-history":[{"count":0,"href":"https:\/\/podernacional.com\/index.php?rest_route=\/wp\/v2\/posts\/2011\/revisions"}],"wp:featuredmedia":[{"embeddable":true,"href":"https:\/\/podernacional.com\/index.php?rest_route=\/wp\/v2\/media\/2012"}],"wp:attachment":[{"href":"https:\/\/podernacional.com\/index.php?rest_route=%2Fwp%2Fv2%2Fmedia&parent=2011"}],"wp:term":[{"taxonomy":"category","embeddable":true,"href":"https:\/\/podernacional.com\/index.php?rest_route=%2Fwp%2Fv2%2Fcategories&post=2011"},{"taxonomy":"post_tag","embeddable":true,"href":"https:\/\/podernacional.com\/index.php?rest_route=%2Fwp%2Fv2%2Ftags&post=2011"}],"curies":[{"name":"wp","href":"https:\/\/api.w.org\/{rel}","templated":true}]}}