{"id":20115,"date":"2024-01-09T13:08:08","date_gmt":"2024-01-09T13:08:08","guid":{"rendered":"https:\/\/podernacional.com\/?p=20115"},"modified":"2024-01-09T13:08:08","modified_gmt":"2024-01-09T13:08:08","slug":"pronostican-chubascos-rafagas-y-cambios-bruscos-de-temperatura","status":"publish","type":"post","link":"https:\/\/podernacional.com\/?p=20115","title":{"rendered":"Pronostican chubascos, r\u00e1fagas y cambios bruscos de temperatura"},"content":{"rendered":"<p>El d\u00eda de hoy, el frente fr\u00edo No. 25 se desplazar\u00e1 de manera veloz sobre el oriente y sureste del pa\u00eds, extendi\u00e9ndose gradualmente sobre la Pen\u00ednsula de Yucat\u00e1n. Este fen\u00f3meno atmosf\u00e9rico dar\u00e1 lugar a lluvias puntuales de gran intensidad en Chiapas, y lluvias fuertes en Veracruz, Tabasco, Oaxaca, as\u00ed como chubascos en Puebla y en diversos estados de la Pen\u00ednsula de Yucat\u00e1n.<\/p>\n<p>La masa de aire polar asociada provocar\u00e1 un marcado descenso de temperatura en el noreste y oriente de M\u00e9xico, generando un ambiente matutino y nocturno extremadamente fr\u00edo, llegando incluso a niveles g\u00e9lidos con la formaci\u00f3n de heladas durante las primeras horas de la madrugada en entidades del noroeste y norte del territorio nacional. Se espera que las temperaturas desciendan a valores de -15 a -10 \u00b0C en las zonas monta\u00f1osas de Sonora, Chihuahua y Durango.<\/p>\n<p>Adem\u00e1s, se anticipa un evento de \u00abNorte\u00bb muy fuerte a intenso en el litoral del Golfo de M\u00e9xico, Istmo y Golfo de Tehuantepec, as\u00ed como en las costas de la Pen\u00ednsula de Yucat\u00e1n, con una disminuci\u00f3n gradual a lo largo de la noche. Este fen\u00f3meno estar\u00e1 caracterizado por r\u00e1fagas de viento que podr\u00edan alcanzar velocidades de 60 a 80 km\/h, acompa\u00f1adas de un oleaje que oscilar\u00e1 entre 1 y 3 metros de altura en las costas de la regi\u00f3n.<\/p>\n<p>Finalmente, el ingreso de aire h\u00famedo proveniente del Oc\u00e9ano Pac\u00edfico generar\u00e1 lluvias aisladas en zonas de Guerrero.<\/p>\n<p>En relaci\u00f3n con las condiciones espec\u00edficas para la Pen\u00ednsula de Yucat\u00e1n, se pronostica un cielo que oscilar\u00e1 entre medio nublado y nublado, con intervalos de chubascos en Campeche, Yucat\u00e1n y Quintana Roo. Las temperaturas ser\u00e1n templadas al amanecer y c\u00e1lidas a calurosas durante la tarde. Se advierte sobre la presencia de un evento de \u00abNorte\u00bb con r\u00e1fagas de viento que podr\u00edan alcanzar los 60 a 80 km\/h, acompa\u00f1adas de un oleaje de 1 a 3 metros de altura en las costas de la regi\u00f3n.<\/p>\n<p>Se insta a la poblaci\u00f3n a tomar las precauciones pertinentes ante estas condiciones meteorol\u00f3gicas adversas y a mantenerse informada a trav\u00e9s de fuentes oficiales.<\/p>\n","protected":false},"excerpt":{"rendered":"<p>El d\u00eda de hoy, el frente fr\u00edo No. 25 se desplazar\u00e1 de manera veloz sobre el oriente y sureste del pa\u00eds, extendi\u00e9ndose gradualmente sobre la Pen\u00ednsula de Yucat\u00e1n. Este fen\u00f3meno atmosf\u00e9rico dar\u00e1 lugar a lluvias puntuales de gran intensidad en Chiapas, y lluvias fuertes en Veracruz, Tabasco, Oaxaca, as\u00ed como chubascos en Puebla y en [&hellip;]<\/p>\n","protected":false},"author":1,"featured_media":20116,"comment_status":"open","ping_status":"open","sticky":false,"template":"","format":"standard","meta":{"footnotes":""},"categories":[6],"tags":[],"class_list":["post-20115","post","type-post","status-publish","format-standard","has-post-thumbnail","hentry","category-local"],"_links":{"self":[{"href":"https:\/\/podernacional.com\/index.php?rest_route=\/wp\/v2\/posts\/20115","targetHints":{"allow":["GET"]}}],"collection":[{"href":"https:\/\/podernacional.com\/index.php?rest_route=\/wp\/v2\/posts"}],"about":[{"href":"https:\/\/podernacional.com\/index.php?rest_route=\/wp\/v2\/types\/post"}],"author":[{"embeddable":true,"href":"https:\/\/podernacional.com\/index.php?rest_route=\/wp\/v2\/users\/1"}],"replies":[{"embeddable":true,"href":"https:\/\/podernacional.com\/index.php?rest_route=%2Fwp%2Fv2%2Fcomments&post=20115"}],"version-history":[{"count":1,"href":"https:\/\/podernacional.com\/index.php?rest_route=\/wp\/v2\/posts\/20115\/revisions"}],"predecessor-version":[{"id":20117,"href":"https:\/\/podernacional.com\/index.php?rest_route=\/wp\/v2\/posts\/20115\/revisions\/20117"}],"wp:featuredmedia":[{"embeddable":true,"href":"https:\/\/podernacional.com\/index.php?rest_route=\/wp\/v2\/media\/20116"}],"wp:attachment":[{"href":"https:\/\/podernacional.com\/index.php?rest_route=%2Fwp%2Fv2%2Fmedia&parent=20115"}],"wp:term":[{"taxonomy":"category","embeddable":true,"href":"https:\/\/podernacional.com\/index.php?rest_route=%2Fwp%2Fv2%2Fcategories&post=20115"},{"taxonomy":"post_tag","embeddable":true,"href":"https:\/\/podernacional.com\/index.php?rest_route=%2Fwp%2Fv2%2Ftags&post=20115"}],"curies":[{"name":"wp","href":"https:\/\/api.w.org\/{rel}","templated":true}]}}