{"id":20122,"date":"2024-01-09T14:02:03","date_gmt":"2024-01-09T14:02:03","guid":{"rendered":"https:\/\/podernacional.com\/?p=20122"},"modified":"2024-01-09T14:02:03","modified_gmt":"2024-01-09T14:02:03","slug":"tras-una-decada-de-impunidad-detienen-en-cancun-presunto-asesino-de-su-madre-en-coatzacoalcos","status":"publish","type":"post","link":"https:\/\/podernacional.com\/?p=20122","title":{"rendered":"Tras una d\u00e9cada de impunidad, detienen en Canc\u00fan presunto asesino de su madre en Coatzacoalcos"},"content":{"rendered":"<p>En un local de reparaci\u00f3n de celulares en Canc\u00fan, elementos polic\u00edacos llevaron a cabo la detenci\u00f3n de Ulises M. S., un individuo acusado del presunto asesinato de su madre en 2014, en la colonia M\u00e9xico de Coatzacoalcos, Veracruz.<\/p>\n<p>La Fiscal\u00eda General de Veracruz, a trav\u00e9s de un comunicado, inform\u00f3 que la captura se materializ\u00f3 gracias a una labor investigativa conjunta con autoridades de Quintana Roo.<\/p>\n<p>Seg\u00fan fuentes locales, el feminicidio ocurri\u00f3 aproximadamente hace diez a\u00f1os en la calle Oaxaca de la colonia M\u00e9xico. Se presume que Ulises M. S. estrangul\u00f3 a su madre durante una disputa, posiblemente bajo la influencia de alguna sustancia.<\/p>\n<p>Tras cometer el crimen, se reporta que el acusado sustrajo las tarjetas de cr\u00e9dito de su madre y huy\u00f3 en la camioneta familiar. El comunicado oficial detalla que, posteriormente, el individuo se refugi\u00f3 en Canc\u00fan, donde desempe\u00f1aba labores como t\u00e9cnico en reparaci\u00f3n de celulares en un establecimiento ubicado en el cruce de las avenidas Xcaret y Kabah, lugar donde finalmente fue detenido.<\/p>\n<p>La residencia de Ulises M. S. se encontraba en la calle Segunda Privada Girasoles, dentro del fraccionamiento Villas del Mar en Canc\u00fan, seg\u00fan indica el informe oficial.<\/p>\n<p>Como resultado de la detenci\u00f3n, el presunto matricida fue trasladado por v\u00eda terrestre al Centro de Reinserci\u00f3n Social (CERESO) en el puerto de Coatzacoalcos.<\/p>\n","protected":false},"excerpt":{"rendered":"<p>En un local de reparaci\u00f3n de celulares en Canc\u00fan, elementos polic\u00edacos llevaron a cabo la detenci\u00f3n de Ulises M. S., un individuo acusado del presunto asesinato de su madre en 2014, en la colonia M\u00e9xico de Coatzacoalcos, Veracruz. La Fiscal\u00eda General de Veracruz, a trav\u00e9s de un comunicado, inform\u00f3 que la captura se materializ\u00f3 gracias [&hellip;]<\/p>\n","protected":false},"author":1,"featured_media":20123,"comment_status":"open","ping_status":"open","sticky":false,"template":"","format":"standard","meta":{"footnotes":""},"categories":[8],"tags":[],"class_list":["post-20122","post","type-post","status-publish","format-standard","has-post-thumbnail","hentry","category-policia"],"_links":{"self":[{"href":"https:\/\/podernacional.com\/index.php?rest_route=\/wp\/v2\/posts\/20122","targetHints":{"allow":["GET"]}}],"collection":[{"href":"https:\/\/podernacional.com\/index.php?rest_route=\/wp\/v2\/posts"}],"about":[{"href":"https:\/\/podernacional.com\/index.php?rest_route=\/wp\/v2\/types\/post"}],"author":[{"embeddable":true,"href":"https:\/\/podernacional.com\/index.php?rest_route=\/wp\/v2\/users\/1"}],"replies":[{"embeddable":true,"href":"https:\/\/podernacional.com\/index.php?rest_route=%2Fwp%2Fv2%2Fcomments&post=20122"}],"version-history":[{"count":1,"href":"https:\/\/podernacional.com\/index.php?rest_route=\/wp\/v2\/posts\/20122\/revisions"}],"predecessor-version":[{"id":20124,"href":"https:\/\/podernacional.com\/index.php?rest_route=\/wp\/v2\/posts\/20122\/revisions\/20124"}],"wp:featuredmedia":[{"embeddable":true,"href":"https:\/\/podernacional.com\/index.php?rest_route=\/wp\/v2\/media\/20123"}],"wp:attachment":[{"href":"https:\/\/podernacional.com\/index.php?rest_route=%2Fwp%2Fv2%2Fmedia&parent=20122"}],"wp:term":[{"taxonomy":"category","embeddable":true,"href":"https:\/\/podernacional.com\/index.php?rest_route=%2Fwp%2Fv2%2Fcategories&post=20122"},{"taxonomy":"post_tag","embeddable":true,"href":"https:\/\/podernacional.com\/index.php?rest_route=%2Fwp%2Fv2%2Ftags&post=20122"}],"curies":[{"name":"wp","href":"https:\/\/api.w.org\/{rel}","templated":true}]}}