{"id":20132,"date":"2024-01-10T13:26:59","date_gmt":"2024-01-10T13:26:59","guid":{"rendered":"https:\/\/podernacional.com\/?p=20132"},"modified":"2024-01-10T13:26:59","modified_gmt":"2024-01-10T13:26:59","slug":"javier-michael-naranjo-garcia-nuevo-rostro-al-frente-del-imss-en-quintana-roo","status":"publish","type":"post","link":"https:\/\/podernacional.com\/?p=20132","title":{"rendered":"Javier Michael Naranjo Garc\u00eda, nuevo rostro al frente del IMSS en Quintana Roo"},"content":{"rendered":"<p>En una ceremonia protocolaria durante la sesi\u00f3n del Consejo T\u00e9cnico, Javier Michael Naranjo Garc\u00eda rindi\u00f3 protesta como el nuevo titular del Instituto Mexicano del Seguro Social (IMSS) en Quintana Roo. Este acto formal consolida su rol como l\u00edder de una de las instituciones de salud m\u00e1s importantes en la regi\u00f3n.<\/p>\n<p>Naranjo Garc\u00eda, previamente director del Centro de Atenci\u00f3n Temporal (CAT) Aut\u00f3dromo Hermanos Rodr\u00edguez, ha sido reconocido por su excepcional labor durante la emergencia sanitaria por Covid-19. Su dedicaci\u00f3n y conducta ejemplar le valieron la medalla \u201cCondecoraci\u00f3n Miguel Hidalgo en Grado Cruz\u201d, otorgada por el Estado Mexicano a personal de la salud por m\u00e9ritos eminentes.<\/p>\n<p>El nuevo titular del IMSS en Quintana Roo es M\u00e9dico Cirujano egresado de la Universidad Veracruzana, con una Maestr\u00eda en Administraci\u00f3n y Gesti\u00f3n de los Sistemas de Salud de la Universidad Popular Aut\u00f3noma de Veracruz. Adem\u00e1s, cuenta con una especialidad en Medicina de Urgencias de la Universidad Nacional Aut\u00f3noma de M\u00e9xico (UNAM) y ha completado dos diplomados: en Gesti\u00f3n Directiva M\u00e9dica y en Cultura en Derechos Humanos y Protecci\u00f3n de la Salud.<\/p>\n<p>Con una destacada carrera, Naranjo Garc\u00eda ha ocupado cargos clave, como director de los Centros de Atenci\u00f3n Temporal \u201cMorelos\u201d y \u201cTlatelolco\u201d, donde coordin\u00f3 la atenci\u00f3n m\u00e9dica de m\u00e1s de 21 mil pacientes afectados por la pandemia. Asimismo, se desempe\u00f1\u00f3 como coordinador Normativo de Evaluaci\u00f3n en Calidad M\u00e9dica, de la Unidad de Evaluaci\u00f3n de \u00d3rganos Desconcentrados de la Direcci\u00f3n de Operaci\u00f3n y Evaluaci\u00f3n.<\/p>\n<p>Javier Michael Naranjo Garc\u00eda asume la responsabilidad en sustituci\u00f3n de Enrique Ure\u00f1a Bogar\u00edm, quien lider\u00f3 el IMSS de junio a septiembre de 2023. Se espera que su experiencia y compromiso contribuyan al fortalecimiento de los servicios de salud en Quintana Roo.<\/p>\n","protected":false},"excerpt":{"rendered":"<p>En una ceremonia protocolaria durante la sesi\u00f3n del Consejo T\u00e9cnico, Javier Michael Naranjo Garc\u00eda rindi\u00f3 protesta como el nuevo titular del Instituto Mexicano del Seguro Social (IMSS) en Quintana Roo. Este acto formal consolida su rol como l\u00edder de una de las instituciones de salud m\u00e1s importantes en la regi\u00f3n. Naranjo Garc\u00eda, previamente director del [&hellip;]<\/p>\n","protected":false},"author":1,"featured_media":20133,"comment_status":"open","ping_status":"open","sticky":false,"template":"","format":"standard","meta":{"footnotes":""},"categories":[10],"tags":[],"class_list":["post-20132","post","type-post","status-publish","format-standard","has-post-thumbnail","hentry","category-quintana-roo"],"_links":{"self":[{"href":"https:\/\/podernacional.com\/index.php?rest_route=\/wp\/v2\/posts\/20132","targetHints":{"allow":["GET"]}}],"collection":[{"href":"https:\/\/podernacional.com\/index.php?rest_route=\/wp\/v2\/posts"}],"about":[{"href":"https:\/\/podernacional.com\/index.php?rest_route=\/wp\/v2\/types\/post"}],"author":[{"embeddable":true,"href":"https:\/\/podernacional.com\/index.php?rest_route=\/wp\/v2\/users\/1"}],"replies":[{"embeddable":true,"href":"https:\/\/podernacional.com\/index.php?rest_route=%2Fwp%2Fv2%2Fcomments&post=20132"}],"version-history":[{"count":1,"href":"https:\/\/podernacional.com\/index.php?rest_route=\/wp\/v2\/posts\/20132\/revisions"}],"predecessor-version":[{"id":20134,"href":"https:\/\/podernacional.com\/index.php?rest_route=\/wp\/v2\/posts\/20132\/revisions\/20134"}],"wp:featuredmedia":[{"embeddable":true,"href":"https:\/\/podernacional.com\/index.php?rest_route=\/wp\/v2\/media\/20133"}],"wp:attachment":[{"href":"https:\/\/podernacional.com\/index.php?rest_route=%2Fwp%2Fv2%2Fmedia&parent=20132"}],"wp:term":[{"taxonomy":"category","embeddable":true,"href":"https:\/\/podernacional.com\/index.php?rest_route=%2Fwp%2Fv2%2Fcategories&post=20132"},{"taxonomy":"post_tag","embeddable":true,"href":"https:\/\/podernacional.com\/index.php?rest_route=%2Fwp%2Fv2%2Ftags&post=20132"}],"curies":[{"name":"wp","href":"https:\/\/api.w.org\/{rel}","templated":true}]}}