{"id":20135,"date":"2024-01-10T13:39:20","date_gmt":"2024-01-10T13:39:20","guid":{"rendered":"https:\/\/podernacional.com\/?p=20135"},"modified":"2024-01-10T13:39:20","modified_gmt":"2024-01-10T13:39:20","slug":"suspension-definitiva-para-borge-analisis-en-curso-no-implica-libertad-inmediata","status":"publish","type":"post","link":"https:\/\/podernacional.com\/?p=20135","title":{"rendered":"Suspensi\u00f3n definitiva para Borge; an\u00e1lisis en curso, no implica libertad inmediata"},"content":{"rendered":"<p>En la audiencia del pasado lunes, el juez Quinto de Distrito en Materias de Amparo y Juicios Federales en el Estado de M\u00e9xico otorg\u00f3 una suspensi\u00f3n definitiva al exgobernador de Quintana Roo, Roberto Borge. Sin embargo, es importante destacar que esta medida solo implica que el asunto sobre su libertad ser\u00e1 analizado por este \u00f3rgano, no garantiza su liberaci\u00f3n inmediata.<\/p>\n<p>La notificaci\u00f3n publicada este martes en registros judiciales aclara que los efectos de la suspensi\u00f3n no tienen los alcances pretendidos por la parte quejosa, es decir, no implica la inmediata libertad de Borge. El exfuncionario se encuentra actualmente bajo prisi\u00f3n preventiva oficiosa, y el juez subraya que esta medida se mantiene debido a la gravedad del delito por el cual est\u00e1 detenido.<\/p>\n<p>Cabe destacar que, a pesar de los informes anteriores sobre una posible prisi\u00f3n domiciliaria otorgada a Borge, el juez de Distrito del Centro de Justicia Penal Federal en el Estado de M\u00e9xico sostiene que la prisi\u00f3n preventiva es necesaria dada la naturaleza del delito que enfrenta.<\/p>\n<p>Roberto Borge Angulo, quien fungi\u00f3 como gobernador de Quintana Roo de 2011 a 2016, ha estado bajo arresto desde su detenci\u00f3n en Panam\u00e1 en 2017. Aunque se le extradit\u00f3 a M\u00e9xico en 2018, su situaci\u00f3n legal sigue siendo compleja, enfrentando cargos que incluyen peculado, desempe\u00f1o irregular de la funci\u00f3n p\u00fablica y operaciones con recursos de procedencia il\u00edcita.<\/p>\n","protected":false},"excerpt":{"rendered":"<p>En la audiencia del pasado lunes, el juez Quinto de Distrito en Materias de Amparo y Juicios Federales en el Estado de M\u00e9xico otorg\u00f3 una suspensi\u00f3n definitiva al exgobernador de Quintana Roo, Roberto Borge. Sin embargo, es importante destacar que esta medida solo implica que el asunto sobre su libertad ser\u00e1 analizado por este \u00f3rgano, [&hellip;]<\/p>\n","protected":false},"author":1,"featured_media":20136,"comment_status":"open","ping_status":"open","sticky":false,"template":"","format":"standard","meta":{"footnotes":""},"categories":[6],"tags":[],"class_list":["post-20135","post","type-post","status-publish","format-standard","has-post-thumbnail","hentry","category-local"],"_links":{"self":[{"href":"https:\/\/podernacional.com\/index.php?rest_route=\/wp\/v2\/posts\/20135","targetHints":{"allow":["GET"]}}],"collection":[{"href":"https:\/\/podernacional.com\/index.php?rest_route=\/wp\/v2\/posts"}],"about":[{"href":"https:\/\/podernacional.com\/index.php?rest_route=\/wp\/v2\/types\/post"}],"author":[{"embeddable":true,"href":"https:\/\/podernacional.com\/index.php?rest_route=\/wp\/v2\/users\/1"}],"replies":[{"embeddable":true,"href":"https:\/\/podernacional.com\/index.php?rest_route=%2Fwp%2Fv2%2Fcomments&post=20135"}],"version-history":[{"count":1,"href":"https:\/\/podernacional.com\/index.php?rest_route=\/wp\/v2\/posts\/20135\/revisions"}],"predecessor-version":[{"id":20137,"href":"https:\/\/podernacional.com\/index.php?rest_route=\/wp\/v2\/posts\/20135\/revisions\/20137"}],"wp:featuredmedia":[{"embeddable":true,"href":"https:\/\/podernacional.com\/index.php?rest_route=\/wp\/v2\/media\/20136"}],"wp:attachment":[{"href":"https:\/\/podernacional.com\/index.php?rest_route=%2Fwp%2Fv2%2Fmedia&parent=20135"}],"wp:term":[{"taxonomy":"category","embeddable":true,"href":"https:\/\/podernacional.com\/index.php?rest_route=%2Fwp%2Fv2%2Fcategories&post=20135"},{"taxonomy":"post_tag","embeddable":true,"href":"https:\/\/podernacional.com\/index.php?rest_route=%2Fwp%2Fv2%2Ftags&post=20135"}],"curies":[{"name":"wp","href":"https:\/\/api.w.org\/{rel}","templated":true}]}}