{"id":20147,"date":"2024-01-11T15:23:04","date_gmt":"2024-01-11T15:23:04","guid":{"rendered":"https:\/\/podernacional.com\/?p=20147"},"modified":"2024-01-11T15:23:04","modified_gmt":"2024-01-11T15:23:04","slug":"armonia-en-teclas-anuncian-programa-para-la-segunda-edicion-del-festival-de-piano-en-cancun","status":"publish","type":"post","link":"https:\/\/podernacional.com\/?p=20147","title":{"rendered":"Armon\u00eda en teclas: anuncian programa para la segunda edici\u00f3n del festival de piano en Canc\u00fan"},"content":{"rendered":"<p>La magia del piano resonar\u00e1 en Canc\u00fan del 25 al 27 de enero de 2024, con la celebraci\u00f3n de la segunda edici\u00f3n del Festival de Piano. Este evento, ideado por la pianista Consuelo Mart\u00ednez-Zarzosa, la gestora cultural Paola V\u00e9lez y la periodista Alejandra Flores, promete tres d\u00edas llenos de conciertos, clases magistrales y conversatorios.<\/p>\n<p>En una reciente conferencia de prensa, el comit\u00e9 organizador comparti\u00f3 que el festival se llevar\u00e1 a cabo en el auditorio de la Casa de Cultura de Canc\u00fan. El evento contar\u00e1 con la participaci\u00f3n tanto de j\u00f3venes talentos como de pianistas reconocidos, entre ellos el maestro de Bellas Artes Mauricio N\u00e1der y el talentoso pianista local Leonardo Graf, actual estudiante de Piano en la Facultad de M\u00fasica de la UNAM.<\/p>\n<p>El prop\u00f3sito fundamental del festival, seg\u00fan las organizadoras, es influir en la formaci\u00f3n de nuevas audiencias, destacar el talento local y propiciar el intercambio de conocimientos con expertos en el campo.<\/p>\n<p>Paola V\u00e9lez expres\u00f3 durante la conferencia: \u00abEste festival surge como una forma de construir una comunidad musical que sea un ejemplo de respeto, unidad y aprendizaje compartido\u00bb. Adem\u00e1s, enfatiz\u00f3 que esta edici\u00f3n contar\u00e1 con la participaci\u00f3n de alumnos provenientes de cinco academias de piano en Canc\u00fan.<\/p>\n<p>La pianista Consuelo Mart\u00ednez-Zarzosa agreg\u00f3 que el evento no hubiera sido posible sin la colaboraci\u00f3n de la Dra. Emoke Ujj en la primera edici\u00f3n, la cual sent\u00f3 las bases para los cuatro d\u00edas de actividades que integran el programa.<\/p>\n<p>En cuanto a la oferta acad\u00e9mica y art\u00edstica, Mart\u00ednez-Zarzosa detall\u00f3 que el jueves 25 de enero ofrecer\u00e1 una conferencia titulada \u00abEn qu\u00e9 trabaja un pianista\u00bb a las 7 de la noche, seguida del concierto inaugural \u00abToques azules, rapsodia en azul y otros blues\u00bb a cargo de Mauricio N\u00e1der a las 8 de la noche.<\/p>\n<p>El viernes 26 de enero, la jornada comenzar\u00e1 a las 10 de la ma\u00f1ana con una clase magistral de Mauricio N\u00e1der, seguida por el recital de m\u00fasica de c\u00e1mara \u00abMozart, cuerdas y otras danzas\u00bb a las 8 de la noche, a cargo de Riviera Maya Strings &amp; Piano y la bailarina invitada Narda Gonz\u00e1lez.<\/p>\n<p>El s\u00e1bado 27 de enero, se presentar\u00e1 el recital de alumnos de piano de diversas academias a partir de las 10 de la ma\u00f1ana, con dos sesiones divididas por grupos de edad. El cierre del Festival de Piano en Canc\u00fan estar\u00e1 a cargo del pianista Leonardo Graf, quien ofrecer\u00e1 el recital \u00abBrahms, Beethoven y Castro\u00bb a las 8 de la noche.<\/p>\n<p>Se espera que este evento tenga un impacto directo en m\u00e1s de 600 personas, con la participaci\u00f3n de m\u00e1s de 60 pianistas en el escenario. Respecto a los costos, se inform\u00f3 que las entradas oscilan entre $150 MXN y $250 MXN por concierto, con actividades gratuitas y la opci\u00f3n de adquirir un Pasaporte limitado a 50 unidades por $800 MXN.<\/p>\n<p>Los boletos y el Pasaporte pueden adquirirse en la ventanilla de informaci\u00f3n de la Casa de la Cultura de Canc\u00fan o mediante WhatsApp al n\u00famero 998 845 96 21.<\/p>\n","protected":false},"excerpt":{"rendered":"<p>La magia del piano resonar\u00e1 en Canc\u00fan del 25 al 27 de enero de 2024, con la celebraci\u00f3n de la segunda edici\u00f3n del Festival de Piano. Este evento, ideado por la pianista Consuelo Mart\u00ednez-Zarzosa, la gestora cultural Paola V\u00e9lez y la periodista Alejandra Flores, promete tres d\u00edas llenos de conciertos, clases magistrales y conversatorios. En [&hellip;]<\/p>\n","protected":false},"author":1,"featured_media":20148,"comment_status":"open","ping_status":"open","sticky":false,"template":"","format":"standard","meta":{"footnotes":""},"categories":[6],"tags":[],"class_list":["post-20147","post","type-post","status-publish","format-standard","has-post-thumbnail","hentry","category-local"],"_links":{"self":[{"href":"https:\/\/podernacional.com\/index.php?rest_route=\/wp\/v2\/posts\/20147","targetHints":{"allow":["GET"]}}],"collection":[{"href":"https:\/\/podernacional.com\/index.php?rest_route=\/wp\/v2\/posts"}],"about":[{"href":"https:\/\/podernacional.com\/index.php?rest_route=\/wp\/v2\/types\/post"}],"author":[{"embeddable":true,"href":"https:\/\/podernacional.com\/index.php?rest_route=\/wp\/v2\/users\/1"}],"replies":[{"embeddable":true,"href":"https:\/\/podernacional.com\/index.php?rest_route=%2Fwp%2Fv2%2Fcomments&post=20147"}],"version-history":[{"count":1,"href":"https:\/\/podernacional.com\/index.php?rest_route=\/wp\/v2\/posts\/20147\/revisions"}],"predecessor-version":[{"id":20149,"href":"https:\/\/podernacional.com\/index.php?rest_route=\/wp\/v2\/posts\/20147\/revisions\/20149"}],"wp:featuredmedia":[{"embeddable":true,"href":"https:\/\/podernacional.com\/index.php?rest_route=\/wp\/v2\/media\/20148"}],"wp:attachment":[{"href":"https:\/\/podernacional.com\/index.php?rest_route=%2Fwp%2Fv2%2Fmedia&parent=20147"}],"wp:term":[{"taxonomy":"category","embeddable":true,"href":"https:\/\/podernacional.com\/index.php?rest_route=%2Fwp%2Fv2%2Fcategories&post=20147"},{"taxonomy":"post_tag","embeddable":true,"href":"https:\/\/podernacional.com\/index.php?rest_route=%2Fwp%2Fv2%2Ftags&post=20147"}],"curies":[{"name":"wp","href":"https:\/\/api.w.org\/{rel}","templated":true}]}}