{"id":20162,"date":"2024-01-11T15:14:32","date_gmt":"2024-01-11T20:14:32","guid":{"rendered":"https:\/\/podernacional.com\/?p=20162"},"modified":"2024-01-11T20:14:43","modified_gmt":"2024-01-11T20:14:43","slug":"alistan-propuesta-para-que-el-cabildo-de-solidaridad-apruebe-regular-el-uso-de-los-bajopuentes-en-playa-del-carmen","status":"publish","type":"post","link":"https:\/\/podernacional.com\/?p=20162","title":{"rendered":"Alistan propuesta para que el Cabildo de Solidaridad apruebe regular el uso de los bajopuentes en Playa del Carmen"},"content":{"rendered":"<p>Ra\u00fal Tassinari Gonz\u00e1lez, titular de la Secretar\u00eda de Seguridad P\u00fablica de Solidaridad, inform\u00f3 que en breve el Cabildo analizar\u00e1 y someter\u00e1 a votaci\u00f3n una propuesta para regular el uso de los bajopuentes que est\u00e1n en el bulevar Playa del CArmen.<\/p>\n<p>Lo anterior, dijo en entrevista, porque estas zonas son usadas de manera permanente como estacionamientos, por algunos automovilistas y agencias de autos, algo que el gobierno municipal no puede permitir.<\/p>\n<p>Coment\u00f3 que, en caso de aprobarse esta propuesta de regulaci\u00f3n, la dependencia a su cargo le solicitar\u00e1 a la Secretar\u00eda de Infraestructura, Comunicaciones y Transportes (SICT) que formulen un proyecto, para adecuar los bajopuentes y tener un control de los mismos.<\/p>\n<p>Cabe destacar que en muchos de estos espacios se han pintado murales, adem\u00e1s de adecuar rampas o canchas para j\u00f3venes; sin embargo, grandes extensiones son usadas como estacionamientos.<\/p>\n<p>\u201cEsperemos que este a\u00f1o podamos lograr con ellos un uso \u00fatil de eso bajopuentes. Y hasta donde tengo entendido, s\u00ed\u201d, concluy\u00f3.<\/p>\n","protected":false},"excerpt":{"rendered":"<p>Ra\u00fal Tassinari Gonz\u00e1lez, titular de la Secretar\u00eda de Seguridad P\u00fablica de Solidaridad, inform\u00f3 que en breve el Cabildo analizar\u00e1 y someter\u00e1 a votaci\u00f3n una propuesta para regular el uso de los bajopuentes que est\u00e1n en el bulevar Playa del CArmen. Lo anterior, dijo en entrevista, porque estas zonas son usadas de manera permanente como estacionamientos, [&hellip;]<\/p>\n","protected":false},"author":1,"featured_media":20164,"comment_status":"open","ping_status":"closed","sticky":false,"template":"","format":"standard","meta":{"footnotes":""},"categories":[6],"tags":[],"class_list":["post-20162","post","type-post","status-publish","format-standard","has-post-thumbnail","hentry","category-local"],"_links":{"self":[{"href":"https:\/\/podernacional.com\/index.php?rest_route=\/wp\/v2\/posts\/20162","targetHints":{"allow":["GET"]}}],"collection":[{"href":"https:\/\/podernacional.com\/index.php?rest_route=\/wp\/v2\/posts"}],"about":[{"href":"https:\/\/podernacional.com\/index.php?rest_route=\/wp\/v2\/types\/post"}],"author":[{"embeddable":true,"href":"https:\/\/podernacional.com\/index.php?rest_route=\/wp\/v2\/users\/1"}],"replies":[{"embeddable":true,"href":"https:\/\/podernacional.com\/index.php?rest_route=%2Fwp%2Fv2%2Fcomments&post=20162"}],"version-history":[{"count":1,"href":"https:\/\/podernacional.com\/index.php?rest_route=\/wp\/v2\/posts\/20162\/revisions"}],"predecessor-version":[{"id":20163,"href":"https:\/\/podernacional.com\/index.php?rest_route=\/wp\/v2\/posts\/20162\/revisions\/20163"}],"wp:featuredmedia":[{"embeddable":true,"href":"https:\/\/podernacional.com\/index.php?rest_route=\/wp\/v2\/media\/20164"}],"wp:attachment":[{"href":"https:\/\/podernacional.com\/index.php?rest_route=%2Fwp%2Fv2%2Fmedia&parent=20162"}],"wp:term":[{"taxonomy":"category","embeddable":true,"href":"https:\/\/podernacional.com\/index.php?rest_route=%2Fwp%2Fv2%2Fcategories&post=20162"},{"taxonomy":"post_tag","embeddable":true,"href":"https:\/\/podernacional.com\/index.php?rest_route=%2Fwp%2Fv2%2Ftags&post=20162"}],"curies":[{"name":"wp","href":"https:\/\/api.w.org\/{rel}","templated":true}]}}