{"id":20195,"date":"2024-01-12T11:24:05","date_gmt":"2024-01-12T16:24:05","guid":{"rendered":"https:\/\/podernacional.com\/?p=20195"},"modified":"2024-01-12T16:24:08","modified_gmt":"2024-01-12T16:24:08","slug":"leman-international-delinea-plan-de-ruta-en-mexico","status":"publish","type":"post","link":"https:\/\/podernacional.com\/?p=20195","title":{"rendered":"LEMAN INTERNATIONAL DELINEA PLAN DE RUTA EN M\u00c9XICO"},"content":{"rendered":"<h3 class=\"jeg_post_subtitle\" style=\"text-align: center;\">AICM, AIFA, Monterrey y Guadalajara, aeropuertos en donde ya opera.<\/h3>\n<p>LEMAN International, operador log\u00edstico dan\u00e9s,<strong>\u00a0lleg\u00f3 a M\u00e9xico en agosto de 2023 y tan solo en unos meses ha registrado crecimientos de doble d\u00edgito<\/strong>. Atra\u00eddo por el impacto del\u00a0<em>nearshoring<\/em>, eligi\u00f3 al pa\u00eds para tener presencia a nivel Latinoam\u00e9rica.\u00a0<strong>En 2024 comenzar\u00e1 su expansi\u00f3n hacia el norte<\/strong>, as\u00ed como la consolidaci\u00f3n de su presencia en el baj\u00edo y analiza ofrecer una soluci\u00f3n de transporte intermodal.<\/p>\n<p>Ulises Benvenutti Regato, director Comercial en M\u00e9xico de LEMAN International, comenta que la apuesta del grupo es tener una visi\u00f3n latina, una presencia local\u00a0<strong>\u201cpara tener el bloque regional de APEC por un lado, pero tambi\u00e9n el de Am\u00e9rica Latina<\/strong>. Por ello el cap\u00edtulo M\u00e9xico plantea un complemento a la estructura global\u201d.<\/p>\n<div class=\"jeg_ad jeg_ad_article jnews_content_inline_3_ads  \"><\/div>\n<p>El crecimiento se ha registrado en un tiempo r\u00e9cord. Los sectores farmac\u00e9utico,\u00a0<em>retail<\/em>, estilo de vida (muebles), textiles, bienes de consumo, comercio electr\u00f3nico y minoristas con negocios hacia Estados Unidos, son quienes han impulsado a la compa\u00f1\u00eda freight forwarder.<\/p>\n<p>Detalla que ya operan en el\u00a0Aeropuerto Internacional Felipe \u00c1ngeles (AIFA)\u00a0y el\u00a0Aeropuerto Internacional de la Ciudad de M\u00e9xico (AICM), mientras que en Monterrey y Guadalajara lo hacen a trav\u00e9s de diversas aerol\u00edneas como\u00a0Lufthansa,\u00a0Iberia,\u00a0United Airlines,\u00a0Air France,\u00a0Aerom\u00e9xico\u00a0y buscan tener m\u00e1s aliados con otras mexicanas.<\/p>\n<div class=\"jeg_meta_container\">\n<div class=\"jeg_post_meta jeg_post_meta_1\"><\/div>\n<\/div>\n","protected":false},"excerpt":{"rendered":"<p>AICM, AIFA, Monterrey y Guadalajara, aeropuertos en donde ya opera. LEMAN International, operador log\u00edstico dan\u00e9s,\u00a0lleg\u00f3 a M\u00e9xico en agosto de 2023 y tan solo en unos meses ha registrado crecimientos de doble d\u00edgito. Atra\u00eddo por el impacto del\u00a0nearshoring, eligi\u00f3 al pa\u00eds para tener presencia a nivel Latinoam\u00e9rica.\u00a0En 2024 comenzar\u00e1 su expansi\u00f3n hacia el norte, as\u00ed [&hellip;]<\/p>\n","protected":false},"author":1,"featured_media":20197,"comment_status":"open","ping_status":"closed","sticky":false,"template":"","format":"standard","meta":{"footnotes":""},"categories":[7],"tags":[],"class_list":["post-20195","post","type-post","status-publish","format-standard","has-post-thumbnail","hentry","category-nacional"],"_links":{"self":[{"href":"https:\/\/podernacional.com\/index.php?rest_route=\/wp\/v2\/posts\/20195","targetHints":{"allow":["GET"]}}],"collection":[{"href":"https:\/\/podernacional.com\/index.php?rest_route=\/wp\/v2\/posts"}],"about":[{"href":"https:\/\/podernacional.com\/index.php?rest_route=\/wp\/v2\/types\/post"}],"author":[{"embeddable":true,"href":"https:\/\/podernacional.com\/index.php?rest_route=\/wp\/v2\/users\/1"}],"replies":[{"embeddable":true,"href":"https:\/\/podernacional.com\/index.php?rest_route=%2Fwp%2Fv2%2Fcomments&post=20195"}],"version-history":[{"count":1,"href":"https:\/\/podernacional.com\/index.php?rest_route=\/wp\/v2\/posts\/20195\/revisions"}],"predecessor-version":[{"id":20196,"href":"https:\/\/podernacional.com\/index.php?rest_route=\/wp\/v2\/posts\/20195\/revisions\/20196"}],"wp:featuredmedia":[{"embeddable":true,"href":"https:\/\/podernacional.com\/index.php?rest_route=\/wp\/v2\/media\/20197"}],"wp:attachment":[{"href":"https:\/\/podernacional.com\/index.php?rest_route=%2Fwp%2Fv2%2Fmedia&parent=20195"}],"wp:term":[{"taxonomy":"category","embeddable":true,"href":"https:\/\/podernacional.com\/index.php?rest_route=%2Fwp%2Fv2%2Fcategories&post=20195"},{"taxonomy":"post_tag","embeddable":true,"href":"https:\/\/podernacional.com\/index.php?rest_route=%2Fwp%2Fv2%2Ftags&post=20195"}],"curies":[{"name":"wp","href":"https:\/\/api.w.org\/{rel}","templated":true}]}}