{"id":20284,"date":"2024-01-18T13:20:33","date_gmt":"2024-01-18T18:20:33","guid":{"rendered":"https:\/\/podernacional.com\/?p=20284"},"modified":"2024-01-18T18:20:35","modified_gmt":"2024-01-18T18:20:35","slug":"abren-boquete-para-robar-en-tienda-boxito-en-felipe-carrillo-puerto","status":"publish","type":"post","link":"https:\/\/podernacional.com\/?p=20284","title":{"rendered":"Abren boquete para robar en tienda \u2018Boxito\u2019 en Felipe Carrillo Puerto"},"content":{"rendered":"<p>Empleados de la tienda \u201cBoxito\u201d descubrieron esta ma\u00f1ana que sujetos abrieron un boquete para robar una fuerte cantidad de dinero y art\u00edculos durante la noche o madrugada hoy, en la cabecera de Felipe Carrillo Puerto.<\/p>\n<div dir=\"auto\">El reporte sobre este robo fue emitido a eso de las 8 de la ma\u00f1ana, lo que gener\u00f3 el arribo de elementos polic\u00edacos a la calle 72, entre la 69 y 67, en la colonia Centro de esta ciudad.<\/div>\n<div dir=\"auto\"><\/div>\n<div dir=\"auto\">De acuerdo con datos preliminares, el boquete se encuentra en la parte trasera de esta tienda que se dedica a la venta de art\u00edculos para el hogar.<\/div>\n<div dir=\"auto\"><\/div>\n<div dir=\"auto\">Hasta el momento, se desconoce el monto total que los sujetos se robaron al perpetrar este hecho delictivo.<\/div>\n<div dir=\"auto\"><\/div>\n<div dir=\"auto\">Elementos de la Polic\u00eda de Investigaci\u00f3n acudieron al lugar, para tomar conocimiento de los hechos y abrir la carpeta correspondiente.<\/div>\n<div dir=\"auto\"><\/div>\n<div dir=\"auto\">M\u00e1s tarde, peritos de la Fiscal\u00eda General del Estado se encargaron de recabar evidencias.<\/div>\n","protected":false},"excerpt":{"rendered":"<p>Empleados de la tienda \u201cBoxito\u201d descubrieron esta ma\u00f1ana que sujetos abrieron un boquete para robar una fuerte cantidad de dinero y art\u00edculos durante la noche o madrugada hoy, en la cabecera de Felipe Carrillo Puerto. El reporte sobre este robo fue emitido a eso de las 8 de la ma\u00f1ana, lo que gener\u00f3 el arribo [&hellip;]<\/p>\n","protected":false},"author":1,"featured_media":20286,"comment_status":"open","ping_status":"closed","sticky":false,"template":"","format":"standard","meta":{"footnotes":""},"categories":[8],"tags":[],"class_list":["post-20284","post","type-post","status-publish","format-standard","has-post-thumbnail","hentry","category-policia"],"_links":{"self":[{"href":"https:\/\/podernacional.com\/index.php?rest_route=\/wp\/v2\/posts\/20284","targetHints":{"allow":["GET"]}}],"collection":[{"href":"https:\/\/podernacional.com\/index.php?rest_route=\/wp\/v2\/posts"}],"about":[{"href":"https:\/\/podernacional.com\/index.php?rest_route=\/wp\/v2\/types\/post"}],"author":[{"embeddable":true,"href":"https:\/\/podernacional.com\/index.php?rest_route=\/wp\/v2\/users\/1"}],"replies":[{"embeddable":true,"href":"https:\/\/podernacional.com\/index.php?rest_route=%2Fwp%2Fv2%2Fcomments&post=20284"}],"version-history":[{"count":1,"href":"https:\/\/podernacional.com\/index.php?rest_route=\/wp\/v2\/posts\/20284\/revisions"}],"predecessor-version":[{"id":20285,"href":"https:\/\/podernacional.com\/index.php?rest_route=\/wp\/v2\/posts\/20284\/revisions\/20285"}],"wp:featuredmedia":[{"embeddable":true,"href":"https:\/\/podernacional.com\/index.php?rest_route=\/wp\/v2\/media\/20286"}],"wp:attachment":[{"href":"https:\/\/podernacional.com\/index.php?rest_route=%2Fwp%2Fv2%2Fmedia&parent=20284"}],"wp:term":[{"taxonomy":"category","embeddable":true,"href":"https:\/\/podernacional.com\/index.php?rest_route=%2Fwp%2Fv2%2Fcategories&post=20284"},{"taxonomy":"post_tag","embeddable":true,"href":"https:\/\/podernacional.com\/index.php?rest_route=%2Fwp%2Fv2%2Ftags&post=20284"}],"curies":[{"name":"wp","href":"https:\/\/api.w.org\/{rel}","templated":true}]}}