{"id":20335,"date":"2024-01-22T13:30:39","date_gmt":"2024-01-22T18:30:39","guid":{"rendered":"https:\/\/podernacional.com\/?p=20335"},"modified":"2024-01-22T18:30:40","modified_gmt":"2024-01-22T18:30:40","slug":"traslada-marina-a-cancun-a-paciente-hospitalizado","status":"publish","type":"post","link":"https:\/\/podernacional.com\/?p=20335","title":{"rendered":"Traslada Marina a Canc\u00fan a paciente hospitalizado"},"content":{"rendered":"<p>La Novena Regi\u00f3n Naval de la Secretar\u00eda de Marina de M\u00e9xico llev\u00f3 a cabo una labor humanitaria al brindar asistencia en la evacuaci\u00f3n mar\u00edtima de un paciente hospitalizado en Isla Mujeres. La intervenci\u00f3n respondi\u00f3 a una solicitud de auxilio del hospital local, que requer\u00eda trasladar a un paciente masculino con diagn\u00f3stico de traumatismo craneoencef\u00e1lico moderado.<\/p>\n<p>Ante la urgencia, la Armada de M\u00e9xico despleg\u00f3 una embarcaci\u00f3n tipo Defender de la Estaci\u00f3n Naval de B\u00fasqueda, Rescate y Vigilancia Mar\u00edtima (ENSAR) de Isla Mujeres, con personal altamente capacitado. El destino final fue la Estaci\u00f3n Naval Avanzada (ENA) de Puerto Ju\u00e1rez, donde el paciente fue recibido por param\u00e9dicos y trasladado en una ambulancia particular a un hospital local para recibir atenci\u00f3n m\u00e9dica especializada.<\/p>\n<p>Esta acci\u00f3n humanitaria es parte de las iniciativas sociales emprendidas por la Armada de M\u00e9xico, reafirmando su compromiso con la ciudadan\u00eda. La instituci\u00f3n ha proporcionado n\u00fameros de tel\u00e9fono de emergencia, incluyendo el 998 877 01 86 y el 800 MARINA 1 (800 627 4621) para casos que requieran asistencia urgente.<\/p>\n","protected":false},"excerpt":{"rendered":"<p>La Novena Regi\u00f3n Naval de la Secretar\u00eda de Marina de M\u00e9xico llev\u00f3 a cabo una labor humanitaria al brindar asistencia en la evacuaci\u00f3n mar\u00edtima de un paciente hospitalizado en Isla Mujeres. La intervenci\u00f3n respondi\u00f3 a una solicitud de auxilio del hospital local, que requer\u00eda trasladar a un paciente masculino con diagn\u00f3stico de traumatismo craneoencef\u00e1lico moderado. [&hellip;]<\/p>\n","protected":false},"author":1,"featured_media":20337,"comment_status":"open","ping_status":"closed","sticky":false,"template":"","format":"standard","meta":{"footnotes":""},"categories":[8],"tags":[],"class_list":["post-20335","post","type-post","status-publish","format-standard","has-post-thumbnail","hentry","category-policia"],"_links":{"self":[{"href":"https:\/\/podernacional.com\/index.php?rest_route=\/wp\/v2\/posts\/20335","targetHints":{"allow":["GET"]}}],"collection":[{"href":"https:\/\/podernacional.com\/index.php?rest_route=\/wp\/v2\/posts"}],"about":[{"href":"https:\/\/podernacional.com\/index.php?rest_route=\/wp\/v2\/types\/post"}],"author":[{"embeddable":true,"href":"https:\/\/podernacional.com\/index.php?rest_route=\/wp\/v2\/users\/1"}],"replies":[{"embeddable":true,"href":"https:\/\/podernacional.com\/index.php?rest_route=%2Fwp%2Fv2%2Fcomments&post=20335"}],"version-history":[{"count":1,"href":"https:\/\/podernacional.com\/index.php?rest_route=\/wp\/v2\/posts\/20335\/revisions"}],"predecessor-version":[{"id":20336,"href":"https:\/\/podernacional.com\/index.php?rest_route=\/wp\/v2\/posts\/20335\/revisions\/20336"}],"wp:featuredmedia":[{"embeddable":true,"href":"https:\/\/podernacional.com\/index.php?rest_route=\/wp\/v2\/media\/20337"}],"wp:attachment":[{"href":"https:\/\/podernacional.com\/index.php?rest_route=%2Fwp%2Fv2%2Fmedia&parent=20335"}],"wp:term":[{"taxonomy":"category","embeddable":true,"href":"https:\/\/podernacional.com\/index.php?rest_route=%2Fwp%2Fv2%2Fcategories&post=20335"},{"taxonomy":"post_tag","embeddable":true,"href":"https:\/\/podernacional.com\/index.php?rest_route=%2Fwp%2Fv2%2Ftags&post=20335"}],"curies":[{"name":"wp","href":"https:\/\/api.w.org\/{rel}","templated":true}]}}