{"id":20424,"date":"2024-01-29T10:29:23","date_gmt":"2024-01-29T15:29:23","guid":{"rendered":"https:\/\/podernacional.com\/?p=20424"},"modified":"2024-01-29T15:29:25","modified_gmt":"2024-01-29T15:29:25","slug":"taylor-swift-ya-no-se-puede-buscar-en-x-tras-escandalo-por-fotos-explicitas-de-ia","status":"publish","type":"post","link":"https:\/\/podernacional.com\/?p=20424","title":{"rendered":"Taylor Swift ya no se puede buscar en X tras esc\u00e1ndalo por fotos explicitas de IA"},"content":{"rendered":"<p>A inicios de semana, una serie de im\u00e1genes gr\u00e1ficas y muy explicitas creadas de Taylor Swift creadas con Inteligencia Artificial, se volvieron virales en la plataforma de redes sociales provocando toda clase de reacciones entre los internautas y fans de la cantante.<\/p>\n<p>Sin embargo, parece que toda evidencia de las fotograf\u00edas ha desaparecido de X (antes Twitter), pues ahora, los usuarios de la plataforma reciben un mensaje de error al buscar el nombre de la cantante.<\/p>\n<p>De acuerdo con Page Six, la red social argument\u00f3 que la medida es una acci\u00f3n temporal y se realiza con mucha precauci\u00f3n, ya que priorizan la seguridad en este problema.<\/p>\n<p>Las inquietantes im\u00e1genes falsas de la estrella musical de 34 a\u00f1os la mostraban en varios escenarios sexuales en el partido de los Kansas City Chiefs de su novio Travis Kelce.<\/p>\n<p>Tan pronto como las im\u00e1genes comenzaron a volverse virales, millones de Swifties alrededor del mundo salieron en su defensa y le rogaron a la gente que no las compartiera.<\/p>\n<p>De acuerdo con el equipo de Swift, la cantante tambi\u00e9n est\u00e1 \u00abfuriosa\u00bb y est\u00e1 considerando emprender acciones legales al respecto.<\/p>\n<p>\u00abSe est\u00e1 decidiendo si se tomar\u00e1n acciones legales o no, pero hay una cosa que est\u00e1 clara: estas im\u00e1genes falsas generadas por IA son abusivas, ofensivas, explotadoras y se realizan sin el consentimiento y\/o conocimiento de Taylor\u00bb, dijo la fuente.<\/p>\n<p>La Casa Blanca tambi\u00e9n se pronunci\u00f3 tras el esc\u00e1ndalo y pidi\u00f3 legislaci\u00f3n para proteger a las v\u00edctimas del acoso online.<\/p>\n<p>La secretaria de prensa de la Casa Blanca, Karine Jean-Pierre, dijo que el incidente fue \u201calarmante\u201d y que la administraci\u00f3n Biden se est\u00e1 centrando en los aspectos negativos de la IA.<\/p>\n","protected":false},"excerpt":{"rendered":"<p>A inicios de semana, una serie de im\u00e1genes gr\u00e1ficas y muy explicitas creadas de Taylor Swift creadas con Inteligencia Artificial, se volvieron virales en la plataforma de redes sociales provocando toda clase de reacciones entre los internautas y fans de la cantante. Sin embargo, parece que toda evidencia de las fotograf\u00edas ha desaparecido de X [&hellip;]<\/p>\n","protected":false},"author":1,"featured_media":20426,"comment_status":"open","ping_status":"closed","sticky":false,"template":"","format":"standard","meta":{"footnotes":""},"categories":[4],"tags":[],"class_list":["post-20424","post","type-post","status-publish","format-standard","has-post-thumbnail","hentry","category-espectaculos"],"_links":{"self":[{"href":"https:\/\/podernacional.com\/index.php?rest_route=\/wp\/v2\/posts\/20424","targetHints":{"allow":["GET"]}}],"collection":[{"href":"https:\/\/podernacional.com\/index.php?rest_route=\/wp\/v2\/posts"}],"about":[{"href":"https:\/\/podernacional.com\/index.php?rest_route=\/wp\/v2\/types\/post"}],"author":[{"embeddable":true,"href":"https:\/\/podernacional.com\/index.php?rest_route=\/wp\/v2\/users\/1"}],"replies":[{"embeddable":true,"href":"https:\/\/podernacional.com\/index.php?rest_route=%2Fwp%2Fv2%2Fcomments&post=20424"}],"version-history":[{"count":1,"href":"https:\/\/podernacional.com\/index.php?rest_route=\/wp\/v2\/posts\/20424\/revisions"}],"predecessor-version":[{"id":20425,"href":"https:\/\/podernacional.com\/index.php?rest_route=\/wp\/v2\/posts\/20424\/revisions\/20425"}],"wp:featuredmedia":[{"embeddable":true,"href":"https:\/\/podernacional.com\/index.php?rest_route=\/wp\/v2\/media\/20426"}],"wp:attachment":[{"href":"https:\/\/podernacional.com\/index.php?rest_route=%2Fwp%2Fv2%2Fmedia&parent=20424"}],"wp:term":[{"taxonomy":"category","embeddable":true,"href":"https:\/\/podernacional.com\/index.php?rest_route=%2Fwp%2Fv2%2Fcategories&post=20424"},{"taxonomy":"post_tag","embeddable":true,"href":"https:\/\/podernacional.com\/index.php?rest_route=%2Fwp%2Fv2%2Ftags&post=20424"}],"curies":[{"name":"wp","href":"https:\/\/api.w.org\/{rel}","templated":true}]}}