{"id":20484,"date":"2024-02-02T11:25:31","date_gmt":"2024-02-02T16:25:31","guid":{"rendered":"https:\/\/podernacional.com\/?p=20484"},"modified":"2024-02-02T16:25:33","modified_gmt":"2024-02-02T16:25:33","slug":"yuridia-presenta-a-su-hijo-benicio-mientras-se-divierte-en-el-auditorio-nacional","status":"publish","type":"post","link":"https:\/\/podernacional.com\/?p=20484","title":{"rendered":"Yuridia presenta a su hijo Benicio mientras se divierte en el Auditorio Nacional"},"content":{"rendered":"<p>Yuridia bail\u00f3, brinc\u00f3 y disfrut\u00f3. Present\u00f3 a su hijo Benicio a 10 mil personas en el Auditorio Nacional y cant\u00f3 junto a \u00c1ngela Aguilar para cerrar la celebraci\u00f3n<\/p>\n<p>Los colores de sus vestidos, y los colores de la m\u00fasica, cambiaron a lo largo del concierto de Yuridia en el Auditorio Nacional.<\/p>\n<p>La cantante interpret\u00f3 canciones de amor, desamor, despecho, balada, banda, pop, hasta mariachi. Distintos estados de \u00e1nimo, pero hubo algo que no cambi\u00f3 a lo largo del show: la sonrisa, la diversi\u00f3n y el disfrute que manifest\u00f3 Yuridia.<\/p>\n<p>Primero en un vestido largo, completamente verde, luciendo su pierna izquierda por un recorte al costado. Caminando llena de confianza en el escenario, con el pecho erguido, y la barbilla levantada, lanzando besos, saludando al p\u00fablico, incandose para darles la mano.<\/p>\n<p>\u201c\u00a1Ay ay ay Auditorio\u00a1 arri\u00e9sgate conmigo esta noche, no pierdes nada\u201d, dice Yuridia a su p\u00fablico que responde con un grito.<\/p>\n<p>\u201cJuntos una vez m\u00e1s, muchas gracias, gracias a todos, gracias por salir esta noche de sus casas para cantar conmigo, esto es algo a lo que nunca me voy a acostumbrar, gracias por viajar, espero que est\u00e9n listos para desahogarse conmigo, porque soy la psic\u00f3loga de confianza, quiero que se desahoguen conmigo, no los voy a juzgar si lloran\u201d, arranca Yuridia.<\/p>\n<p>Junto A bailarines de jazz, serios, r\u00edgidos, t\u00e9cnicos, Yuridia resalt\u00f3 cantando \u201cSe\u00f1ora\u201d, donde intent\u00f3 seriedad, y solemnidad en sus gestos, pero la sonrisa la delataba, quer\u00eda jugar, y disfrutar, y as\u00ed comenz\u00f3 a bromear con su p\u00fablico.<\/p>\n<p>\u201cEsta va dedicada para todos los se\u00f1ores que la tienen chiquita, y ni modo, que soporten\u201d, sigui\u00f3 cantando, y luego pregunt\u00f3 \u201cQui\u00e9n la tiene chiquita, t\u00fa, \u00bfC\u00f3mo te llamas? Axel, \u00a1Uuuuy! Axel la tiene chiquita. Te dedico esta parte de la canci\u00f3n Axel\u201d, el tema que le dedica a su fan\u00e1tico en primera fila es \u201cYa es muy tarde\u201d.<\/p>\n<p>Su p\u00fablico sonr\u00ede y suelta carcajadas, por como Yuridia mira, coqueteando, por c\u00f3mo camina, fuerte y recta, por c\u00f3mo se expresa, bromeando, sigue mandando besos. Vuelve a observar a su p\u00fablico con desd\u00e9n, pero sus carcajadas la traicionan de nuevo.<\/p>\n<p>Lo disfruta, se divierte, grita como ni\u00f1a, y disfruta de los regalos que recoge entre el p\u00fablico, flores, peluches, abrazos, y hasta baila con ellos, los mira, disfruta como ellos, brinca entaconada con \u201cYa te olvid\u00e9\u201d.<\/p>\n","protected":false},"excerpt":{"rendered":"<p>Yuridia bail\u00f3, brinc\u00f3 y disfrut\u00f3. Present\u00f3 a su hijo Benicio a 10 mil personas en el Auditorio Nacional y cant\u00f3 junto a \u00c1ngela Aguilar para cerrar la celebraci\u00f3n Los colores de sus vestidos, y los colores de la m\u00fasica, cambiaron a lo largo del concierto de Yuridia en el Auditorio Nacional. La cantante interpret\u00f3 canciones [&hellip;]<\/p>\n","protected":false},"author":1,"featured_media":20486,"comment_status":"open","ping_status":"closed","sticky":false,"template":"","format":"standard","meta":{"footnotes":""},"categories":[4],"tags":[],"class_list":["post-20484","post","type-post","status-publish","format-standard","has-post-thumbnail","hentry","category-espectaculos"],"_links":{"self":[{"href":"https:\/\/podernacional.com\/index.php?rest_route=\/wp\/v2\/posts\/20484","targetHints":{"allow":["GET"]}}],"collection":[{"href":"https:\/\/podernacional.com\/index.php?rest_route=\/wp\/v2\/posts"}],"about":[{"href":"https:\/\/podernacional.com\/index.php?rest_route=\/wp\/v2\/types\/post"}],"author":[{"embeddable":true,"href":"https:\/\/podernacional.com\/index.php?rest_route=\/wp\/v2\/users\/1"}],"replies":[{"embeddable":true,"href":"https:\/\/podernacional.com\/index.php?rest_route=%2Fwp%2Fv2%2Fcomments&post=20484"}],"version-history":[{"count":1,"href":"https:\/\/podernacional.com\/index.php?rest_route=\/wp\/v2\/posts\/20484\/revisions"}],"predecessor-version":[{"id":20485,"href":"https:\/\/podernacional.com\/index.php?rest_route=\/wp\/v2\/posts\/20484\/revisions\/20485"}],"wp:featuredmedia":[{"embeddable":true,"href":"https:\/\/podernacional.com\/index.php?rest_route=\/wp\/v2\/media\/20486"}],"wp:attachment":[{"href":"https:\/\/podernacional.com\/index.php?rest_route=%2Fwp%2Fv2%2Fmedia&parent=20484"}],"wp:term":[{"taxonomy":"category","embeddable":true,"href":"https:\/\/podernacional.com\/index.php?rest_route=%2Fwp%2Fv2%2Fcategories&post=20484"},{"taxonomy":"post_tag","embeddable":true,"href":"https:\/\/podernacional.com\/index.php?rest_route=%2Fwp%2Fv2%2Ftags&post=20484"}],"curies":[{"name":"wp","href":"https:\/\/api.w.org\/{rel}","templated":true}]}}