{"id":20554,"date":"2024-02-06T11:58:00","date_gmt":"2024-02-06T16:58:00","guid":{"rendered":"https:\/\/podernacional.com\/?p=20554"},"modified":"2024-02-06T16:58:02","modified_gmt":"2024-02-06T16:58:02","slug":"milei-anuncia-en-israel-que-trasladara-a-jerusalen-la-embajada-argentina","status":"publish","type":"post","link":"https:\/\/podernacional.com\/?p=20554","title":{"rendered":"Milei anuncia en Israel que trasladar\u00e1 a Jerusal\u00e9n la embajada argentina"},"content":{"rendered":"<p>\u00abObviamente que es mi plan mudar la embajada [argentina] a Jerusal\u00e9n occidental\u00bb, dijo Javier Milei al ministro israel\u00ed de Relaciones Exteriores, Israel Katz, tras bajar del avi\u00f3n en el aeropuerto Ben Guri\u00f3n, cerca de Tel Aviv.<\/p>\n<p>&nbsp;<\/p>\n<p>Actualmente, la embajada de Argentina se encuentra en Herzliya, cerca de Tel Aviv, donde se ubican la gran mayor\u00eda de representaciones diplom\u00e1ticas.<\/p>\n<p>&nbsp;<\/p>\n<p>El mandatario argentino afirm\u00f3 al canciller israel\u00ed que con su visita quiere expresar su \u00abapoyo al pueblo de Israel\u00bb y \u00abdefender la leg\u00edtima defensa\u00bb del Estado hebreo frente a \u00ablos terroristas\u00bb del movimiento islamista palestino Hamas.<\/p>\n<p>&nbsp;<\/p>\n<p>&nbsp;<\/p>\n<p>En su segundo desplazamiento al extranjero desde que asumi\u00f3 la presidencia en diciembre, el ultraliberal Milei estar\u00e1 hasta el jueves en Israel, y seg\u00fan su agenda no prev\u00e9 desplazarse a Cisjordania ocupada.<\/p>\n<p>&nbsp;<\/p>\n<p>Milei, un economista que en los \u00faltimos a\u00f1os se acerc\u00f3 al juda\u00edsmo y cuyo pa\u00eds alberga la mayor comunidad jud\u00eda de Am\u00e9rica Latina, se reunir\u00e1 este martes en Jerusal\u00e9n con el presidente Isaac Herzog y el mi\u00e9rcoles con el primer ministro, Benjamin Netanyahu.<\/p>\n<p>&nbsp;<\/p>\n<p>Igualmente mantendr\u00e1 encuentros con empresarios y rabinos, visitar\u00e1 el museo del Holocausto, Yad Vashem, y se desplazar\u00e1 a uno de los kibutz asaltados por los comandos de Hamas, que el 7 de octubre lanzaron un ataque sorpresa en el sur de Israel que se sald\u00f3 con unos 1 mil 160 muertos.<\/p>\n","protected":false},"excerpt":{"rendered":"<p>\u00abObviamente que es mi plan mudar la embajada [argentina] a Jerusal\u00e9n occidental\u00bb, dijo Javier Milei al ministro israel\u00ed de Relaciones Exteriores, Israel Katz, tras bajar del avi\u00f3n en el aeropuerto Ben Guri\u00f3n, cerca de Tel Aviv. &nbsp; Actualmente, la embajada de Argentina se encuentra en Herzliya, cerca de Tel Aviv, donde se ubican la gran [&hellip;]<\/p>\n","protected":false},"author":1,"featured_media":20556,"comment_status":"open","ping_status":"closed","sticky":false,"template":"","format":"standard","meta":{"footnotes":""},"categories":[5],"tags":[],"class_list":["post-20554","post","type-post","status-publish","format-standard","has-post-thumbnail","hentry","category-internacional"],"_links":{"self":[{"href":"https:\/\/podernacional.com\/index.php?rest_route=\/wp\/v2\/posts\/20554","targetHints":{"allow":["GET"]}}],"collection":[{"href":"https:\/\/podernacional.com\/index.php?rest_route=\/wp\/v2\/posts"}],"about":[{"href":"https:\/\/podernacional.com\/index.php?rest_route=\/wp\/v2\/types\/post"}],"author":[{"embeddable":true,"href":"https:\/\/podernacional.com\/index.php?rest_route=\/wp\/v2\/users\/1"}],"replies":[{"embeddable":true,"href":"https:\/\/podernacional.com\/index.php?rest_route=%2Fwp%2Fv2%2Fcomments&post=20554"}],"version-history":[{"count":1,"href":"https:\/\/podernacional.com\/index.php?rest_route=\/wp\/v2\/posts\/20554\/revisions"}],"predecessor-version":[{"id":20555,"href":"https:\/\/podernacional.com\/index.php?rest_route=\/wp\/v2\/posts\/20554\/revisions\/20555"}],"wp:featuredmedia":[{"embeddable":true,"href":"https:\/\/podernacional.com\/index.php?rest_route=\/wp\/v2\/media\/20556"}],"wp:attachment":[{"href":"https:\/\/podernacional.com\/index.php?rest_route=%2Fwp%2Fv2%2Fmedia&parent=20554"}],"wp:term":[{"taxonomy":"category","embeddable":true,"href":"https:\/\/podernacional.com\/index.php?rest_route=%2Fwp%2Fv2%2Fcategories&post=20554"},{"taxonomy":"post_tag","embeddable":true,"href":"https:\/\/podernacional.com\/index.php?rest_route=%2Fwp%2Fv2%2Ftags&post=20554"}],"curies":[{"name":"wp","href":"https:\/\/api.w.org\/{rel}","templated":true}]}}