{"id":20566,"date":"2024-02-07T10:02:26","date_gmt":"2024-02-07T15:02:26","guid":{"rendered":"https:\/\/podernacional.com\/?p=20566"},"modified":"2024-02-07T15:02:28","modified_gmt":"2024-02-07T15:02:28","slug":"maria-teresa-mercado-es-designada-subsecretaria-de-sre","status":"publish","type":"post","link":"https:\/\/podernacional.com\/?p=20566","title":{"rendered":"\u00a0Mar\u00eda Teresa Mercado es designada subsecretaria de SRE"},"content":{"rendered":"<p>La titular de la Secretar\u00eda de Relaciones Exteriores (SRE), Alicia B\u00e1rcena, design\u00f3 como subsecretaria de la Canciller\u00eda a la embajadora Mar\u00eda Teresa Mercado P\u00e9rez, cuyo nombramiento ser\u00e1 sometido a ratificaci\u00f3n en el Senado de la Rep\u00fablica.<\/p>\n<p>&nbsp;<\/p>\n<p>En un comunicado emitido por la Canciller\u00eda, la embajadora Mercado P\u00e9rez es miembro del Servicio Exterior Mexicano (SEM) desde 1982, y ascendi\u00f3 al rango de embajadora de carrera en 2020. Hasta hoy, se desempe\u00f1\u00f3 como directora general del Instituto Mat\u00edas Romero, la academia diplom\u00e1tica de M\u00e9xico.<\/p>\n<p>&nbsp;<\/p>\n<p>Anteriormente, fue embajadora de M\u00e9xico ante el Estado Plurinacional de Bolivia. Entre sus responsabilidades en el exterior, ha estado adscrita en las embajadas de M\u00e9xico en Dinamarca, Argentina, B\u00e9lgica-Uni\u00f3n Europea, Francia y Canad\u00e1. En oficinas centrales, ha ocupado diferentes cargos en las direcciones generales de Asuntos Diplom\u00e1ticos, de Tratados, para Europa, de Promoci\u00f3n Econ\u00f3mica con Am\u00e9rica Latina y el Caribe, y de Protocolo.<\/p>\n<p>&nbsp;<\/p>\n<p>Ha sido condecorada por los reinos de Dinamarca y de Pa\u00edses Bajos, as\u00ed como por el Gobierno de Bolivia, distinguida con la Legi\u00f3n de Honor \u201cMariscal de Santa Cruz y Calahumana\u201d en grado de Gran Cruz.<\/p>\n<p>&nbsp;<\/p>\n<p>Asimismo, la canciller B\u00e1rcena Ibarra agradeci\u00f3 la colaboraci\u00f3n de la ministra Jennifer Feller Enr\u00edquez, como oficial a cargo de la subsecretar\u00eda de Relaciones Exteriores, quien continuar\u00e1 como directora general para Europa y sherpa de M\u00e9xico en el Grupo de los 20 (G20).<\/p>\n<p>&nbsp;<\/p>\n<p>Ambas cuentan con una amplia trayectoria diplom\u00e1tica en el SEM y contribuir\u00e1n al fortalecimiento institucional, en congruencia con la Pol\u00edtica Exterior Feminista que promueve la Canciller\u00eda.<\/p>\n","protected":false},"excerpt":{"rendered":"<p>La titular de la Secretar\u00eda de Relaciones Exteriores (SRE), Alicia B\u00e1rcena, design\u00f3 como subsecretaria de la Canciller\u00eda a la embajadora Mar\u00eda Teresa Mercado P\u00e9rez, cuyo nombramiento ser\u00e1 sometido a ratificaci\u00f3n en el Senado de la Rep\u00fablica. &nbsp; En un comunicado emitido por la Canciller\u00eda, la embajadora Mercado P\u00e9rez es miembro del Servicio Exterior Mexicano (SEM) [&hellip;]<\/p>\n","protected":false},"author":1,"featured_media":20568,"comment_status":"open","ping_status":"closed","sticky":false,"template":"","format":"standard","meta":{"footnotes":""},"categories":[7],"tags":[],"class_list":["post-20566","post","type-post","status-publish","format-standard","has-post-thumbnail","hentry","category-nacional"],"_links":{"self":[{"href":"https:\/\/podernacional.com\/index.php?rest_route=\/wp\/v2\/posts\/20566","targetHints":{"allow":["GET"]}}],"collection":[{"href":"https:\/\/podernacional.com\/index.php?rest_route=\/wp\/v2\/posts"}],"about":[{"href":"https:\/\/podernacional.com\/index.php?rest_route=\/wp\/v2\/types\/post"}],"author":[{"embeddable":true,"href":"https:\/\/podernacional.com\/index.php?rest_route=\/wp\/v2\/users\/1"}],"replies":[{"embeddable":true,"href":"https:\/\/podernacional.com\/index.php?rest_route=%2Fwp%2Fv2%2Fcomments&post=20566"}],"version-history":[{"count":1,"href":"https:\/\/podernacional.com\/index.php?rest_route=\/wp\/v2\/posts\/20566\/revisions"}],"predecessor-version":[{"id":20567,"href":"https:\/\/podernacional.com\/index.php?rest_route=\/wp\/v2\/posts\/20566\/revisions\/20567"}],"wp:featuredmedia":[{"embeddable":true,"href":"https:\/\/podernacional.com\/index.php?rest_route=\/wp\/v2\/media\/20568"}],"wp:attachment":[{"href":"https:\/\/podernacional.com\/index.php?rest_route=%2Fwp%2Fv2%2Fmedia&parent=20566"}],"wp:term":[{"taxonomy":"category","embeddable":true,"href":"https:\/\/podernacional.com\/index.php?rest_route=%2Fwp%2Fv2%2Fcategories&post=20566"},{"taxonomy":"post_tag","embeddable":true,"href":"https:\/\/podernacional.com\/index.php?rest_route=%2Fwp%2Fv2%2Ftags&post=20566"}],"curies":[{"name":"wp","href":"https:\/\/api.w.org\/{rel}","templated":true}]}}