{"id":206,"date":"2020-06-03T23:55:07","date_gmt":"2020-06-03T23:55:07","guid":{"rendered":"http:\/\/whatsappcancun.com\/?p=206"},"modified":"2020-06-03T23:55:07","modified_gmt":"2020-06-03T23:55:07","slug":"conte-anuncia-la-entrada-de-italia-en-la-fase-3-con-un-plan-de-reformas-para-reconstruir-el-pais","status":"publish","type":"post","link":"https:\/\/podernacional.com\/?p=206","title":{"rendered":"Conte anuncia la entrada de Italia en la fase 3, con un plan de reformas para reconstruir el pa\u00eds"},"content":{"rendered":"\n<p>El primer ministro italiano,&nbsp;<strong>Giuseppe Conte<\/strong>, ha anunciado en rueda de prensa el inicio de la fase 3 en lucha contra la epidemia, en coincidencia con&nbsp;<a href=\"https:\/\/www.abc.es\/internacional\/abci-italianos-temen-mas-pobreza-virus-54-por-ciento-prefiere-relanzar-economia-tutelar-salud-202006031155_noticia.html\">la reapertura en la jornada de este mi\u00e9rcoles de los confines entre regiones y las frontera<\/a>s para los pa\u00edses del \u00e1rea Schengen con \u00e1nimo de favorecer un relanzamiento del turismo. \u00abLas cifras desde la reapertura del 4 de mayo (inicio de la fase 2) son alentadoras\u00bb, ha dicho Conte, y afirmaba que \u00abmerecemos la sonrisa y la alegr\u00eda, pero es bueno recordar que si&nbsp;<strong>estamos entre los primeros en reiniciar las actividades en Europa<\/strong>&nbsp;es porque hemos aceptado todos los sacrificios juntos\u00bb. El jefe del Gobierno advirti\u00f3 que \u00abel virus no ha desaparecido\u00bb, por lo que invit\u00f3 a \u00abno abandonar la precauci\u00f3n y continuar con la distancia de seguridad y con el uso de mascarillas\u00bb.<\/p>\n\n\n\n<p>Buena parte de la rueda de prensa de Giuseppe Conte en el patio del palacio Chigi, sede del gobierno, estuvo dirigida a mostrar que en esta nueva fase se debe&nbsp;<strong>hacer frente la emergencia social y econ\u00f3mica<\/strong>: \u00abEl esp\u00edritu que anim\u00f3 el per\u00edodo de posguerra permiti\u00f3 convertir a Italia en uno de los pa\u00edses m\u00e1s industrializados del mundo. Ahora se presenta una ocasi\u00f3n hist\u00f3rica, debemos renovar el pa\u00eds desde los cimientos\u00bb.<\/p>\n\n\n\n<p>Al se\u00f1alar que \u00abesta crisis debe ser una oportunidad para superar problemas estructurales y redise\u00f1ar el pa\u00eds\u00bb, el primer ministro anunci\u00f3 una serie de reformas: \u00abSe deben recapitalizar las peque\u00f1as y medianas empresas; relanzar inversiones p\u00fablicas y privadas; invertir en redes e infraestructura; iniciar una transici\u00f3n vigorosa hacia una econom\u00eda sostenible; consolidar el derecho al estudio; proceder con la contrataci\u00f3n de investigadores; una reforma de la justicia y una nueva fiscalidad porque actualmente es injusto e ineficiente\u00bb.<\/p>\n","protected":false},"excerpt":{"rendered":"<p>El primer ministro italiano,&nbsp;Giuseppe Conte, ha anunciado en rueda de prensa el inicio de la fase 3 en lucha contra la epidemia, en coincidencia con&nbsp;la reapertura en la jornada de este mi\u00e9rcoles de los confines entre regiones y las fronteras para los pa\u00edses del \u00e1rea Schengen con \u00e1nimo de favorecer un relanzamiento del turismo. \u00abLas [&hellip;]<\/p>\n","protected":false},"author":1,"featured_media":210,"comment_status":"open","ping_status":"open","sticky":false,"template":"","format":"standard","meta":{"footnotes":""},"categories":[5],"tags":[],"class_list":["post-206","post","type-post","status-publish","format-standard","has-post-thumbnail","hentry","category-internacional"],"_links":{"self":[{"href":"https:\/\/podernacional.com\/index.php?rest_route=\/wp\/v2\/posts\/206","targetHints":{"allow":["GET"]}}],"collection":[{"href":"https:\/\/podernacional.com\/index.php?rest_route=\/wp\/v2\/posts"}],"about":[{"href":"https:\/\/podernacional.com\/index.php?rest_route=\/wp\/v2\/types\/post"}],"author":[{"embeddable":true,"href":"https:\/\/podernacional.com\/index.php?rest_route=\/wp\/v2\/users\/1"}],"replies":[{"embeddable":true,"href":"https:\/\/podernacional.com\/index.php?rest_route=%2Fwp%2Fv2%2Fcomments&post=206"}],"version-history":[{"count":0,"href":"https:\/\/podernacional.com\/index.php?rest_route=\/wp\/v2\/posts\/206\/revisions"}],"wp:featuredmedia":[{"embeddable":true,"href":"https:\/\/podernacional.com\/index.php?rest_route=\/wp\/v2\/media\/210"}],"wp:attachment":[{"href":"https:\/\/podernacional.com\/index.php?rest_route=%2Fwp%2Fv2%2Fmedia&parent=206"}],"wp:term":[{"taxonomy":"category","embeddable":true,"href":"https:\/\/podernacional.com\/index.php?rest_route=%2Fwp%2Fv2%2Fcategories&post=206"},{"taxonomy":"post_tag","embeddable":true,"href":"https:\/\/podernacional.com\/index.php?rest_route=%2Fwp%2Fv2%2Ftags&post=206"}],"curies":[{"name":"wp","href":"https:\/\/api.w.org\/{rel}","templated":true}]}}