{"id":20743,"date":"2024-02-15T09:35:51","date_gmt":"2024-02-15T14:35:51","guid":{"rendered":"https:\/\/podernacional.com\/?p=20743"},"modified":"2024-02-15T14:35:53","modified_gmt":"2024-02-15T14:35:53","slug":"mbappe-todavia-nos-queda-trabajo-para-llegar-a-cuartos","status":"publish","type":"post","link":"https:\/\/podernacional.com\/?p=20743","title":{"rendered":"Mbapp\u00e9: \u00abTodav\u00eda nos queda trabajo para llegar a cuartos\u00bb"},"content":{"rendered":"<p>PAR\u00cdS &#8212; El delantero del PSG, Kylian Mbapp\u00e9, asegur\u00f3 que su equipo todav\u00eda tiene trabajo por delante para clasificarse a cuartos de final de la Liga de Campeones pese a la victoria por 2-0 contra la Real Sociedad en octavos.<\/p>\n<p>\u00abEn el primer tiempo hemos tenido dificultades para salir de la presi\u00f3n, tendr\u00edamos que haber puesto m\u00e1s personalidad para que estaban en superioridad num\u00e9rica en nuestro campo, tendr\u00edamos que haberlo hecho mejor. Eso forma parte del aprendizaje del equipo\u00bb, dijo el delantero, elegido como el mejor del partido.<\/p>\n<p>\u00abHemos empezado mal, el entrenador nos ha despertado en el descanso y nos ha dado m\u00e1s consignas y hemos podido aplicarlas\u00bb, dijo, por su parte, Bradley Bracola.<\/p>\n","protected":false},"excerpt":{"rendered":"<p>PAR\u00cdS &#8212; El delantero del PSG, Kylian Mbapp\u00e9, asegur\u00f3 que su equipo todav\u00eda tiene trabajo por delante para clasificarse a cuartos de final de la Liga de Campeones pese a la victoria por 2-0 contra la Real Sociedad en octavos. \u00abEn el primer tiempo hemos tenido dificultades para salir de la presi\u00f3n, tendr\u00edamos que haber [&hellip;]<\/p>\n","protected":false},"author":1,"featured_media":20745,"comment_status":"open","ping_status":"closed","sticky":false,"template":"","format":"standard","meta":{"footnotes":""},"categories":[3],"tags":[],"class_list":["post-20743","post","type-post","status-publish","format-standard","has-post-thumbnail","hentry","category-deportes"],"_links":{"self":[{"href":"https:\/\/podernacional.com\/index.php?rest_route=\/wp\/v2\/posts\/20743","targetHints":{"allow":["GET"]}}],"collection":[{"href":"https:\/\/podernacional.com\/index.php?rest_route=\/wp\/v2\/posts"}],"about":[{"href":"https:\/\/podernacional.com\/index.php?rest_route=\/wp\/v2\/types\/post"}],"author":[{"embeddable":true,"href":"https:\/\/podernacional.com\/index.php?rest_route=\/wp\/v2\/users\/1"}],"replies":[{"embeddable":true,"href":"https:\/\/podernacional.com\/index.php?rest_route=%2Fwp%2Fv2%2Fcomments&post=20743"}],"version-history":[{"count":1,"href":"https:\/\/podernacional.com\/index.php?rest_route=\/wp\/v2\/posts\/20743\/revisions"}],"predecessor-version":[{"id":20744,"href":"https:\/\/podernacional.com\/index.php?rest_route=\/wp\/v2\/posts\/20743\/revisions\/20744"}],"wp:featuredmedia":[{"embeddable":true,"href":"https:\/\/podernacional.com\/index.php?rest_route=\/wp\/v2\/media\/20745"}],"wp:attachment":[{"href":"https:\/\/podernacional.com\/index.php?rest_route=%2Fwp%2Fv2%2Fmedia&parent=20743"}],"wp:term":[{"taxonomy":"category","embeddable":true,"href":"https:\/\/podernacional.com\/index.php?rest_route=%2Fwp%2Fv2%2Fcategories&post=20743"},{"taxonomy":"post_tag","embeddable":true,"href":"https:\/\/podernacional.com\/index.php?rest_route=%2Fwp%2Fv2%2Ftags&post=20743"}],"curies":[{"name":"wp","href":"https:\/\/api.w.org\/{rel}","templated":true}]}}