{"id":20749,"date":"2024-02-15T11:21:01","date_gmt":"2024-02-15T16:21:01","guid":{"rendered":"https:\/\/podernacional.com\/?p=20749"},"modified":"2024-02-15T16:21:03","modified_gmt":"2024-02-15T16:21:03","slug":"pedro-pascal-y-vanessa-kirby-formaran-parte-de-la-nueva-cinta-de-los-4-fantasticos","status":"publish","type":"post","link":"https:\/\/podernacional.com\/?p=20749","title":{"rendered":"Pedro Pascal y Vanessa Kirby formar\u00e1n parte de la nueva cinta de \u2018Los 4 fant\u00e1sticos\u2019"},"content":{"rendered":"<p>Pedro Pascal, Vanessa Kirby, Joseph Quinn y Ebon Moss-Bachrach oficialmente ser\u00e1n \u201cLos 4 fant\u00e1sticos\u201d en la nueva pel\u00edcula de Marvel Studios, inform\u00f3 este mi\u00e9rcoles el estudio a trav\u00e9s de su cuenta de Instagram.<\/p>\n<p>La noticia fue distribuida como si fuera una tarjeta de San Valent\u00edn en la que se observan los cuatro primeros personajes de esa historia de Marvel creados por Stan Lee y Jack Kirby en 1961, celebrando el d\u00eda del amor y la amistad con una est\u00e9tica vintage.<\/p>\n<p>El anuncio adelanta que \u2018Los 4 fant\u00e1sticos\u2019 se estrenar\u00e1 el 25 de julio de 2025, a\u00f1o en el que tambi\u00e9n llegar\u00e1n a la gran pantalla filmes como \u2018Captain America: Brave New World\u2019, prevista en febrero, y \u2018Blade\u2019, en noviembre.<\/p>\n<p>Pascal dar\u00e1 vida a Reed Richards, tambi\u00e9n conocido como Sr. Fant\u00e1stico (Mr. Fantastic); Kirby interpretar\u00e1 a Sue Storm, que es la Mujer Invisible (Invisible Woman); Quinn ser\u00e1 Johnny Storm, Antorcha Humana (Human Torch), mientras que Moss-Bachrach encarnar\u00e1 a Ben Grimm, La Cosa\/La Mole (Thing).<\/p>\n<p>Los detalles de la trama se desconocen, pero en los c\u00f3mics originales los Cuatro Fant\u00e1sticos son astronautas que se convierten en superh\u00e9roes tras ser expuestos a rayos c\u00f3smicos en el espacio.<\/p>\n<p>El personaje de Pascal es un genio cient\u00edfico que desarrolla la capacidad de estirar su cuerpo en longitudes y formas incre\u00edbles; Sue Storm puede hacerse invisible y proyectar campos de fuerza; Johny Storm puede volar y generar llamas, mientras que el gru\u00f1\u00f3n de Ben Grimm posee una fuerza y resistencia sobrehumana.<\/p>\n<p>Matt Shakman, director de series como \u2018Wandavision\u2019 o \u2018Game of Thrones\u2019, ser\u00e1 quien lleve la batuta del filme, cuyo gui\u00f3n fue coescrito por Josh Friedman (\u2018Avatar: The Way of Water\u2019), Jeff Kaplan (\u2018Bert and Arnie\u2019s Guide to Friendship) e Ian Springer (\u2018The Last of the Great Romantics\u2019).<\/p>\n","protected":false},"excerpt":{"rendered":"<p>Pedro Pascal, Vanessa Kirby, Joseph Quinn y Ebon Moss-Bachrach oficialmente ser\u00e1n \u201cLos 4 fant\u00e1sticos\u201d en la nueva pel\u00edcula de Marvel Studios, inform\u00f3 este mi\u00e9rcoles el estudio a trav\u00e9s de su cuenta de Instagram. La noticia fue distribuida como si fuera una tarjeta de San Valent\u00edn en la que se observan los cuatro primeros personajes de [&hellip;]<\/p>\n","protected":false},"author":1,"featured_media":20751,"comment_status":"open","ping_status":"closed","sticky":false,"template":"","format":"standard","meta":{"footnotes":""},"categories":[4],"tags":[],"class_list":["post-20749","post","type-post","status-publish","format-standard","has-post-thumbnail","hentry","category-espectaculos"],"_links":{"self":[{"href":"https:\/\/podernacional.com\/index.php?rest_route=\/wp\/v2\/posts\/20749","targetHints":{"allow":["GET"]}}],"collection":[{"href":"https:\/\/podernacional.com\/index.php?rest_route=\/wp\/v2\/posts"}],"about":[{"href":"https:\/\/podernacional.com\/index.php?rest_route=\/wp\/v2\/types\/post"}],"author":[{"embeddable":true,"href":"https:\/\/podernacional.com\/index.php?rest_route=\/wp\/v2\/users\/1"}],"replies":[{"embeddable":true,"href":"https:\/\/podernacional.com\/index.php?rest_route=%2Fwp%2Fv2%2Fcomments&post=20749"}],"version-history":[{"count":1,"href":"https:\/\/podernacional.com\/index.php?rest_route=\/wp\/v2\/posts\/20749\/revisions"}],"predecessor-version":[{"id":20750,"href":"https:\/\/podernacional.com\/index.php?rest_route=\/wp\/v2\/posts\/20749\/revisions\/20750"}],"wp:featuredmedia":[{"embeddable":true,"href":"https:\/\/podernacional.com\/index.php?rest_route=\/wp\/v2\/media\/20751"}],"wp:attachment":[{"href":"https:\/\/podernacional.com\/index.php?rest_route=%2Fwp%2Fv2%2Fmedia&parent=20749"}],"wp:term":[{"taxonomy":"category","embeddable":true,"href":"https:\/\/podernacional.com\/index.php?rest_route=%2Fwp%2Fv2%2Fcategories&post=20749"},{"taxonomy":"post_tag","embeddable":true,"href":"https:\/\/podernacional.com\/index.php?rest_route=%2Fwp%2Fv2%2Ftags&post=20749"}],"curies":[{"name":"wp","href":"https:\/\/api.w.org\/{rel}","templated":true}]}}