{"id":20850,"date":"2024-02-23T14:24:17","date_gmt":"2024-02-23T19:24:17","guid":{"rendered":"https:\/\/podernacional.com\/?p=20850"},"modified":"2024-02-23T19:24:19","modified_gmt":"2024-02-23T19:24:19","slug":"pocho-guzman-confirma-que-chicharito-hernandez-ya-entrena-al-parejo-del-equipo","status":"publish","type":"post","link":"https:\/\/podernacional.com\/?p=20850","title":{"rendered":"&#8216;Pocho&#8217; Guzm\u00e1n confirma que &#8216;Chicharito&#8217; Hern\u00e1ndez ya entrena al parejo del equipo"},"content":{"rendered":"<p>El capit\u00e1n de Chivas, V\u00edctor &#8216;Pocho&#8217; Guzm\u00e1n, revel\u00f3 que Javier &#8216;Chicharito&#8217; Hern\u00e1ndez ya est\u00e1 trabajando al parejo con el plantel, luego de que en d\u00edas pasados se incorpor\u00f3 al primer equipo, como parte de su trabajo final de recuperaci\u00f3n<\/p>\n<p>\u00ab\u00c9l est\u00e1 trabajando con nosotros, nada m\u00e1s el trata de hacer sus trabajos extras para poder estar a punto lo m\u00e1s pronto posible\u00bb, reconoci\u00f3.<\/p>\n<p>De igual manera, el &#8216;Pocho&#8217; Guzm\u00e1n, detall\u00f3 que &#8216;Chicharito&#8217; es un excelente compa\u00f1ero y una excelente persona, por lo que espera lo antes posible su regreso a las canchas<\/p>\n<p>\u00abBien, todav\u00eda no tenemos la fortuna de poder jugar, pero es un excelente compa\u00f1ero y una excelente persona, que aporta bastante y es un referente. Hasta ahorita nada por lo mismo que \u00e9l est\u00e1 enfocado en su recuperaci\u00f3n\u00bb, agreg\u00f3.<\/p>\n<p>Por su parte, el atacante de Chivas, Isaac Brizuela enfatiz\u00f3 en que ya le hab\u00eda tocado trabajar junto a \u2018CH14\u2019 en la Selecci\u00f3n Mexicana, motivo por el que buscar\u00e1 seguir aprendiendo d\u00eda con d\u00eda, adem\u00e1s de enfatizar en que es motivante el disputar un torneo internacional ante Am\u00e9rica<\/p>\n<p>\u00abYa me hab\u00eda tocado entrenar con \u00e9l y es un referente del pa\u00eds, y uno trata de aprenderle d\u00eda con d\u00eda. El jugar un cl\u00e1sico es motivante, es en un torneo internacional y vamos a jugarlo de la mejor manera\u00bb, concluy\u00f3.<\/p>\n","protected":false},"excerpt":{"rendered":"<p>El capit\u00e1n de Chivas, V\u00edctor &#8216;Pocho&#8217; Guzm\u00e1n, revel\u00f3 que Javier &#8216;Chicharito&#8217; Hern\u00e1ndez ya est\u00e1 trabajando al parejo con el plantel, luego de que en d\u00edas pasados se incorpor\u00f3 al primer equipo, como parte de su trabajo final de recuperaci\u00f3n \u00ab\u00c9l est\u00e1 trabajando con nosotros, nada m\u00e1s el trata de hacer sus trabajos extras para poder [&hellip;]<\/p>\n","protected":false},"author":1,"featured_media":20852,"comment_status":"open","ping_status":"closed","sticky":false,"template":"","format":"standard","meta":{"footnotes":""},"categories":[3],"tags":[],"class_list":["post-20850","post","type-post","status-publish","format-standard","has-post-thumbnail","hentry","category-deportes"],"_links":{"self":[{"href":"https:\/\/podernacional.com\/index.php?rest_route=\/wp\/v2\/posts\/20850","targetHints":{"allow":["GET"]}}],"collection":[{"href":"https:\/\/podernacional.com\/index.php?rest_route=\/wp\/v2\/posts"}],"about":[{"href":"https:\/\/podernacional.com\/index.php?rest_route=\/wp\/v2\/types\/post"}],"author":[{"embeddable":true,"href":"https:\/\/podernacional.com\/index.php?rest_route=\/wp\/v2\/users\/1"}],"replies":[{"embeddable":true,"href":"https:\/\/podernacional.com\/index.php?rest_route=%2Fwp%2Fv2%2Fcomments&post=20850"}],"version-history":[{"count":1,"href":"https:\/\/podernacional.com\/index.php?rest_route=\/wp\/v2\/posts\/20850\/revisions"}],"predecessor-version":[{"id":20851,"href":"https:\/\/podernacional.com\/index.php?rest_route=\/wp\/v2\/posts\/20850\/revisions\/20851"}],"wp:featuredmedia":[{"embeddable":true,"href":"https:\/\/podernacional.com\/index.php?rest_route=\/wp\/v2\/media\/20852"}],"wp:attachment":[{"href":"https:\/\/podernacional.com\/index.php?rest_route=%2Fwp%2Fv2%2Fmedia&parent=20850"}],"wp:term":[{"taxonomy":"category","embeddable":true,"href":"https:\/\/podernacional.com\/index.php?rest_route=%2Fwp%2Fv2%2Fcategories&post=20850"},{"taxonomy":"post_tag","embeddable":true,"href":"https:\/\/podernacional.com\/index.php?rest_route=%2Fwp%2Fv2%2Ftags&post=20850"}],"curies":[{"name":"wp","href":"https:\/\/api.w.org\/{rel}","templated":true}]}}