{"id":20865,"date":"2024-02-24T13:39:06","date_gmt":"2024-02-24T18:39:06","guid":{"rendered":"https:\/\/podernacional.com\/?p=20865"},"modified":"2024-02-24T18:39:07","modified_gmt":"2024-02-24T18:39:07","slug":"tribunal-electoral-listo-para-lluvia-de-impugnaciones","status":"publish","type":"post","link":"https:\/\/podernacional.com\/?p=20865","title":{"rendered":"Tribunal electoral, listo para lluvia de impugnaciones"},"content":{"rendered":"<p>La presidenta del Tribunal Electoral del Poder Judicial de la Federaci\u00f3n (TEPJF), M\u00f3nica Soto Fragoso, asegur\u00f3 que nadie debe dudar que esta instancia calificar\u00e1 la elecci\u00f3n de 2024 con apego a la Constituci\u00f3n y forma aut\u00f3noma a otros Poderes.<\/p>\n<p>El Tribunal Electoral est\u00e1 listo y preparado para recibir todos los medios de impugnaci\u00f3n que se presentar\u00e1n con motivo de esta \u00faltima etapa del proceso electoral y posterior a la jornada comicial\u201d, dijo en el informe de la presidencia de la Sala Regional Guadalajara, Sergio Guerrero Olvera.<\/p>\n<p>Estamos ciertos de que la autoridad electoral va a estar a la altura de todos los retos que hoy se nos est\u00e1n presentando\u201d, afirm\u00f3 Soto.<\/p>\n<p>Sostuvo que la independencia y la autonom\u00eda del Tribunal Electoral \u201cest\u00e1n plenamente blindadas\u201d.<\/p>\n<p>A una semana de que inicie la campa\u00f1a presidencial, la magistrada presidenta asever\u00f3 que el \u00fanico compromiso de los jueces electorales \u201ces con la Constituci\u00f3n y con la defensa de los derechos pol\u00edtico-electorales de las mexicanas y de los mexicanos.\u201d<\/p>\n<p>Soto invit\u00f3 a la ciudadan\u00eda y particularmente a las j\u00f3venes y a los j\u00f3venes para que acudan \u201cen libertad a votar el d\u00eda 2 de junio\u201d.<\/p>\n<p>El Tribunal no define elecciones. El Tribunal protege y garantiza las elecciones que definen las ciudadanas y los ciudadanos\u201d, subray\u00f3.<\/p>\n","protected":false},"excerpt":{"rendered":"<p>La presidenta del Tribunal Electoral del Poder Judicial de la Federaci\u00f3n (TEPJF), M\u00f3nica Soto Fragoso, asegur\u00f3 que nadie debe dudar que esta instancia calificar\u00e1 la elecci\u00f3n de 2024 con apego a la Constituci\u00f3n y forma aut\u00f3noma a otros Poderes. El Tribunal Electoral est\u00e1 listo y preparado para recibir todos los medios de impugnaci\u00f3n que se [&hellip;]<\/p>\n","protected":false},"author":1,"featured_media":20867,"comment_status":"open","ping_status":"closed","sticky":false,"template":"","format":"standard","meta":{"footnotes":""},"categories":[7],"tags":[],"class_list":["post-20865","post","type-post","status-publish","format-standard","has-post-thumbnail","hentry","category-nacional"],"_links":{"self":[{"href":"https:\/\/podernacional.com\/index.php?rest_route=\/wp\/v2\/posts\/20865","targetHints":{"allow":["GET"]}}],"collection":[{"href":"https:\/\/podernacional.com\/index.php?rest_route=\/wp\/v2\/posts"}],"about":[{"href":"https:\/\/podernacional.com\/index.php?rest_route=\/wp\/v2\/types\/post"}],"author":[{"embeddable":true,"href":"https:\/\/podernacional.com\/index.php?rest_route=\/wp\/v2\/users\/1"}],"replies":[{"embeddable":true,"href":"https:\/\/podernacional.com\/index.php?rest_route=%2Fwp%2Fv2%2Fcomments&post=20865"}],"version-history":[{"count":1,"href":"https:\/\/podernacional.com\/index.php?rest_route=\/wp\/v2\/posts\/20865\/revisions"}],"predecessor-version":[{"id":20866,"href":"https:\/\/podernacional.com\/index.php?rest_route=\/wp\/v2\/posts\/20865\/revisions\/20866"}],"wp:featuredmedia":[{"embeddable":true,"href":"https:\/\/podernacional.com\/index.php?rest_route=\/wp\/v2\/media\/20867"}],"wp:attachment":[{"href":"https:\/\/podernacional.com\/index.php?rest_route=%2Fwp%2Fv2%2Fmedia&parent=20865"}],"wp:term":[{"taxonomy":"category","embeddable":true,"href":"https:\/\/podernacional.com\/index.php?rest_route=%2Fwp%2Fv2%2Fcategories&post=20865"},{"taxonomy":"post_tag","embeddable":true,"href":"https:\/\/podernacional.com\/index.php?rest_route=%2Fwp%2Fv2%2Ftags&post=20865"}],"curies":[{"name":"wp","href":"https:\/\/api.w.org\/{rel}","templated":true}]}}