{"id":20874,"date":"2024-02-26T10:04:59","date_gmt":"2024-02-26T15:04:59","guid":{"rendered":"https:\/\/podernacional.com\/?p=20874"},"modified":"2024-02-26T15:05:00","modified_gmt":"2024-02-26T15:05:00","slug":"canelo-alvarez-amenazo-con-no-pelear-si-su-rival-no-es-jermall-charlo","status":"publish","type":"post","link":"https:\/\/podernacional.com\/?p=20874","title":{"rendered":"Canelo \u00c1lvarez &#8216;amenaz\u00f3&#8217; con no pelear si su rival no es Jermall Charlo"},"content":{"rendered":"<p>Si no es Charlo no es ninguno. El boxeador mexicano, Sa\u00fal \u2018Canelo\u2019 \u00c1lvarez, ya habr\u00eda definido a su pr\u00f3ximo rival. De acuerdo con reportes, el tapat\u00edo s\u00f3lo quiere enfrentar a Jermall Charlo, hermano de su \u00faltimo contrincante.<\/p>\n<p>El hist\u00f3rico pugilista mexicano tiene una pelea programada para el pr\u00f3ximo mayo, sin embargo, a tres meses de que se lleve a cabo el enfrentamiento, Canelo no ha hecho oficial quien ser\u00e1 su rival.<\/p>\n<p>Seg\u00fan reportes de Fernando Schwartz, el tapat\u00edo s\u00f3lo quiere enfrentar a un boxeador. El periodista revel\u00f3 que Canelo \u00c1lvarez habr\u00eda \u2018amenazado\u2019 al Premier Boxing Champions y al promotor Al Haymon, de no llevar a cabo su pelea si es no es contra Jermall Charlo.<\/p>\n<p>Eddy Reynoso, el entrenador de Canelo, asegur\u00f3 que no ha recibido ofertas para enfrentar a otros boxeadores, especialmente a Benavidez, esto deja como opciones a Charlo y Terrence Crawford.<\/p>\n<p>Queda ver si en los siguientes d\u00edas, el Team Canelo, releva qui\u00e9n ser\u00e1 el no s\u00f3lo el rival de Canelo para mayo, sino tambi\u00e9n para su pelea de Septiembre.<\/p>\n<p>&nbsp;<\/p>\n","protected":false},"excerpt":{"rendered":"<p>Si no es Charlo no es ninguno. El boxeador mexicano, Sa\u00fal \u2018Canelo\u2019 \u00c1lvarez, ya habr\u00eda definido a su pr\u00f3ximo rival. De acuerdo con reportes, el tapat\u00edo s\u00f3lo quiere enfrentar a Jermall Charlo, hermano de su \u00faltimo contrincante. El hist\u00f3rico pugilista mexicano tiene una pelea programada para el pr\u00f3ximo mayo, sin embargo, a tres meses de [&hellip;]<\/p>\n","protected":false},"author":1,"featured_media":20876,"comment_status":"open","ping_status":"closed","sticky":false,"template":"","format":"standard","meta":{"footnotes":""},"categories":[3],"tags":[],"class_list":["post-20874","post","type-post","status-publish","format-standard","has-post-thumbnail","hentry","category-deportes"],"_links":{"self":[{"href":"https:\/\/podernacional.com\/index.php?rest_route=\/wp\/v2\/posts\/20874","targetHints":{"allow":["GET"]}}],"collection":[{"href":"https:\/\/podernacional.com\/index.php?rest_route=\/wp\/v2\/posts"}],"about":[{"href":"https:\/\/podernacional.com\/index.php?rest_route=\/wp\/v2\/types\/post"}],"author":[{"embeddable":true,"href":"https:\/\/podernacional.com\/index.php?rest_route=\/wp\/v2\/users\/1"}],"replies":[{"embeddable":true,"href":"https:\/\/podernacional.com\/index.php?rest_route=%2Fwp%2Fv2%2Fcomments&post=20874"}],"version-history":[{"count":1,"href":"https:\/\/podernacional.com\/index.php?rest_route=\/wp\/v2\/posts\/20874\/revisions"}],"predecessor-version":[{"id":20875,"href":"https:\/\/podernacional.com\/index.php?rest_route=\/wp\/v2\/posts\/20874\/revisions\/20875"}],"wp:featuredmedia":[{"embeddable":true,"href":"https:\/\/podernacional.com\/index.php?rest_route=\/wp\/v2\/media\/20876"}],"wp:attachment":[{"href":"https:\/\/podernacional.com\/index.php?rest_route=%2Fwp%2Fv2%2Fmedia&parent=20874"}],"wp:term":[{"taxonomy":"category","embeddable":true,"href":"https:\/\/podernacional.com\/index.php?rest_route=%2Fwp%2Fv2%2Fcategories&post=20874"},{"taxonomy":"post_tag","embeddable":true,"href":"https:\/\/podernacional.com\/index.php?rest_route=%2Fwp%2Fv2%2Ftags&post=20874"}],"curies":[{"name":"wp","href":"https:\/\/api.w.org\/{rel}","templated":true}]}}