{"id":20916,"date":"2024-02-29T09:17:21","date_gmt":"2024-02-29T14:17:21","guid":{"rendered":"https:\/\/podernacional.com\/?p=20916"},"modified":"2024-02-29T14:17:22","modified_gmt":"2024-02-29T14:17:22","slug":"alexis-vega-se-siente-muy-feliz-en-toluca-olvida-a-chivas","status":"publish","type":"post","link":"https:\/\/podernacional.com\/?p=20916","title":{"rendered":"Alexis Vega se siente muy feliz en Toluca; olvida a Chivas"},"content":{"rendered":"<p>La complicada etapa final de Alexis Vega con Chivas fue producto de su lesi\u00f3n en la rodilla, la cual no parec\u00eda tener mejor\u00eda hasta que regres\u00f3 a los Diablos Rojos del Toluca, as\u00ed lo expres\u00f3 el delantero en entrevista con TUDN.<\/p>\n<p>Mucha gente habla y se ponen muchas cosas sobre mi rodilla, es verdad que es una rodilla lastimada, con tres cirug\u00edas, hasta en Chivas los \u00faltimos partidos jugaba con mucho dolor, ahora con Toluca he estado muy feliz porque no me ha dado ninguna molestia\u201d, se\u00f1al\u00f3 Vega.<\/p>\n<p>Pese a ya estar bien f\u00edsicamente, fue complicado para Alexis poder disputar un partido completo; su t\u00e9cnico Renato Paiva, dej\u00f3 que jugara los 90 minutos en la victoria ante Santos en el Estadio Nemesio D\u00edez.<\/p>\n<p>La verdad que me encuentro muy bien, fueron much\u00edsimos partidos este mes, s\u00ed cansado, ten\u00eda mucho tiempo sin jugar 90 minutos, pero contento, trabajando, tambi\u00e9n muy feliz, disfrutando mucho porque la rodilla no me ha dado ning\u00fan problema\u201d, puntualiz\u00f3.<\/p>\n<p>Vega est\u00e1 incluido en la prelista de la Selecci\u00f3n Mexicana que comanda Jaime Lozano y detall\u00f3 que el trabajo que realiza semanalmente con los Diablos, le ha permitido mantenerse saludable y retomar su nivel.<\/p>\n","protected":false},"excerpt":{"rendered":"<p>La complicada etapa final de Alexis Vega con Chivas fue producto de su lesi\u00f3n en la rodilla, la cual no parec\u00eda tener mejor\u00eda hasta que regres\u00f3 a los Diablos Rojos del Toluca, as\u00ed lo expres\u00f3 el delantero en entrevista con TUDN. Mucha gente habla y se ponen muchas cosas sobre mi rodilla, es verdad que [&hellip;]<\/p>\n","protected":false},"author":1,"featured_media":20918,"comment_status":"open","ping_status":"closed","sticky":false,"template":"","format":"standard","meta":{"footnotes":""},"categories":[3],"tags":[],"class_list":["post-20916","post","type-post","status-publish","format-standard","has-post-thumbnail","hentry","category-deportes"],"_links":{"self":[{"href":"https:\/\/podernacional.com\/index.php?rest_route=\/wp\/v2\/posts\/20916","targetHints":{"allow":["GET"]}}],"collection":[{"href":"https:\/\/podernacional.com\/index.php?rest_route=\/wp\/v2\/posts"}],"about":[{"href":"https:\/\/podernacional.com\/index.php?rest_route=\/wp\/v2\/types\/post"}],"author":[{"embeddable":true,"href":"https:\/\/podernacional.com\/index.php?rest_route=\/wp\/v2\/users\/1"}],"replies":[{"embeddable":true,"href":"https:\/\/podernacional.com\/index.php?rest_route=%2Fwp%2Fv2%2Fcomments&post=20916"}],"version-history":[{"count":1,"href":"https:\/\/podernacional.com\/index.php?rest_route=\/wp\/v2\/posts\/20916\/revisions"}],"predecessor-version":[{"id":20917,"href":"https:\/\/podernacional.com\/index.php?rest_route=\/wp\/v2\/posts\/20916\/revisions\/20917"}],"wp:featuredmedia":[{"embeddable":true,"href":"https:\/\/podernacional.com\/index.php?rest_route=\/wp\/v2\/media\/20918"}],"wp:attachment":[{"href":"https:\/\/podernacional.com\/index.php?rest_route=%2Fwp%2Fv2%2Fmedia&parent=20916"}],"wp:term":[{"taxonomy":"category","embeddable":true,"href":"https:\/\/podernacional.com\/index.php?rest_route=%2Fwp%2Fv2%2Fcategories&post=20916"},{"taxonomy":"post_tag","embeddable":true,"href":"https:\/\/podernacional.com\/index.php?rest_route=%2Fwp%2Fv2%2Ftags&post=20916"}],"curies":[{"name":"wp","href":"https:\/\/api.w.org\/{rel}","templated":true}]}}