{"id":20960,"date":"2024-03-04T11:36:26","date_gmt":"2024-03-04T16:36:26","guid":{"rendered":"https:\/\/podernacional.com\/?p=20960"},"modified":"2024-03-04T16:36:28","modified_gmt":"2024-03-04T16:36:28","slug":"alpine-confirma-reestructuracion-tecnica-luego-del-gran-premio-de-barein","status":"publish","type":"post","link":"https:\/\/podernacional.com\/?p=20960","title":{"rendered":"Alpine confirma reestructuraci\u00f3n t\u00e9cnica luego del Gran Premio de Bar\u00e9in"},"content":{"rendered":"<p>La escuder\u00eda Alpine, que reemplaza a Renault en la parrilla de la F\u00f3rmula 1 desde la temporada 2021, ha anunciado una serie de cambios en el \u00e1rea t\u00e9cnica para esta temporada.<\/p>\n<p>Todo ocurri\u00f3 el pasado viernes, durante la clasificaci\u00f3n al Gran Premio de Bar\u00e9in donde Mark Harman y Nick de Beer presentaron sus renuncias a los puestos de director t\u00e9cnico y jefe de aerodin\u00e1mica respectivamente.<\/p>\n<p>Luego de que se confirmaran los ceses de estos dos nombres; Alpine nombr\u00f3 a Joe Burnell como encargado del \u00e1rea t\u00e9cnica, David Wheater como jefe de aerodin\u00e1mica y a Ciaron Pilbeam como jefe de rendimiento, adem\u00e1s del nombramiento de Eric Meignan como director en el \u00e1rea de potencia.<\/p>\n<p>Estos nombres reportar\u00e1n directamente ante Bruno Famin quien es el director del equipo y comenzar\u00e1n a trabajar previo al Gran Premio de Arabia Saudita, siendo su principal reto, poner a punto al equipo Alpine de cara a las adecuaciones t\u00e9cnicas que la F\u00f3rmula 1 implementar\u00e1 para la campa\u00f1a del 2026.<\/p>\n<p>Alpine fue el equipo m\u00e1s lento en el circuito de Sakhir, Esteban Ocon clasific\u00f3 en el puesto 19 y termin\u00f3 la carrera en el lugar 17, Pierre Gasly concluy\u00f3 el viernes en el fondo de la parrilla y el s\u00e1bado qued\u00f3 en el decimoctavo puesto.<\/p>\n","protected":false},"excerpt":{"rendered":"<p>La escuder\u00eda Alpine, que reemplaza a Renault en la parrilla de la F\u00f3rmula 1 desde la temporada 2021, ha anunciado una serie de cambios en el \u00e1rea t\u00e9cnica para esta temporada. Todo ocurri\u00f3 el pasado viernes, durante la clasificaci\u00f3n al Gran Premio de Bar\u00e9in donde Mark Harman y Nick de Beer presentaron sus renuncias a [&hellip;]<\/p>\n","protected":false},"author":1,"featured_media":20962,"comment_status":"open","ping_status":"closed","sticky":false,"template":"","format":"standard","meta":{"footnotes":""},"categories":[3],"tags":[],"class_list":["post-20960","post","type-post","status-publish","format-standard","has-post-thumbnail","hentry","category-deportes"],"_links":{"self":[{"href":"https:\/\/podernacional.com\/index.php?rest_route=\/wp\/v2\/posts\/20960","targetHints":{"allow":["GET"]}}],"collection":[{"href":"https:\/\/podernacional.com\/index.php?rest_route=\/wp\/v2\/posts"}],"about":[{"href":"https:\/\/podernacional.com\/index.php?rest_route=\/wp\/v2\/types\/post"}],"author":[{"embeddable":true,"href":"https:\/\/podernacional.com\/index.php?rest_route=\/wp\/v2\/users\/1"}],"replies":[{"embeddable":true,"href":"https:\/\/podernacional.com\/index.php?rest_route=%2Fwp%2Fv2%2Fcomments&post=20960"}],"version-history":[{"count":1,"href":"https:\/\/podernacional.com\/index.php?rest_route=\/wp\/v2\/posts\/20960\/revisions"}],"predecessor-version":[{"id":20961,"href":"https:\/\/podernacional.com\/index.php?rest_route=\/wp\/v2\/posts\/20960\/revisions\/20961"}],"wp:featuredmedia":[{"embeddable":true,"href":"https:\/\/podernacional.com\/index.php?rest_route=\/wp\/v2\/media\/20962"}],"wp:attachment":[{"href":"https:\/\/podernacional.com\/index.php?rest_route=%2Fwp%2Fv2%2Fmedia&parent=20960"}],"wp:term":[{"taxonomy":"category","embeddable":true,"href":"https:\/\/podernacional.com\/index.php?rest_route=%2Fwp%2Fv2%2Fcategories&post=20960"},{"taxonomy":"post_tag","embeddable":true,"href":"https:\/\/podernacional.com\/index.php?rest_route=%2Fwp%2Fv2%2Ftags&post=20960"}],"curies":[{"name":"wp","href":"https:\/\/api.w.org\/{rel}","templated":true}]}}