{"id":20977,"date":"2024-03-05T09:40:21","date_gmt":"2024-03-05T14:40:21","guid":{"rendered":"https:\/\/podernacional.com\/?p=20977"},"modified":"2024-03-05T14:40:22","modified_gmt":"2024-03-05T14:40:22","slug":"exjugador-de-boca-juniors-abrio-una-peluqueria-en-su-casa-antes-de-retirarse-del-futbol","status":"publish","type":"post","link":"https:\/\/podernacional.com\/?p=20977","title":{"rendered":"Exjugador de Boca Juniors abri\u00f3 una peluquer\u00eda en su casa antes de retirarse del futbol"},"content":{"rendered":"<p>Uno de los momentos m\u00e1s dif\u00edciles en la carrera de un futbolista profesional es reconocer que su carrera est\u00e1 llegando al final y decidir cu\u00e1ndo ser\u00e1 el momento ideal para \u00abcolgar los botines\u00bb.<\/p>\n<p>En el caso de Ricardo Noir, atacante argentino que supo ser una de las grandes promesas de la cantera de Boca Juniors, fue todo lo contrario. Incluso, aprovech\u00f3 el momento para vivir de otra de sus grandes pasiones: la peluquer\u00eda.<\/p>\n<p>\u00abDecid\u00ed aislarme un poco del mundo del futbol. Despu\u00e9s de que falleci\u00f3 mi viejo en noviembre de 2019, ya no ten\u00eda muchas ganas de seguir jugando&#8230;\u00bb confes\u00f3 el exjugador de 37 a\u00f1os.<\/p>\n<p>Noir estuvo cuatro a\u00f1os en el Xeneize y despu\u00e9s, tuvo una larga trayectoria entre Argentina, Chile y Ecuador, donde jug\u00f3 en equipos como Barcelona de Guayaquil, Newell&#8217;s Old Boys, Racing Club, Universidad Cat\u00f3lica, entre otros.<\/p>\n<p>Sin embargo, poner a la familia como prioridad fue el momento en el que se dio cuenta que ten\u00eda que dar un giro en su estilo de vida.<\/p>\n<p>\u00abAdem\u00e1s, mi nena -ya con 13 a\u00f1os- un d\u00eda me dijo mientras com\u00edamos en Bolivia que ya estaba un poco cansada de cambiar de ciudad seguido y de no tener grupo de amigas en la escuela. Ah\u00ed dije: &#8216;ya est\u00e1&#8217;. Nos volvemos a vivir a Entre R\u00edos\u00bb confes\u00f3 el jugador oriundo de Villa Elisa, un pueblo en dicha ciudad de Argentina.<\/p>\n<p>\u00abHablando con el psic\u00f3logo deportivo que tuve en Racing, me acord\u00e9 que de chico me gustaba cortar el pelo y me puse a hacer el curso de peluquero. La paso bien, hablo de futbol ah\u00ed que es algo que me encanta. Siempre pongo los partidos y los vemos mientras corto\u00bb concluy\u00f3 &#8216;Tito&#8217;.<\/p>\n","protected":false},"excerpt":{"rendered":"<p>Uno de los momentos m\u00e1s dif\u00edciles en la carrera de un futbolista profesional es reconocer que su carrera est\u00e1 llegando al final y decidir cu\u00e1ndo ser\u00e1 el momento ideal para \u00abcolgar los botines\u00bb. En el caso de Ricardo Noir, atacante argentino que supo ser una de las grandes promesas de la cantera de Boca Juniors, [&hellip;]<\/p>\n","protected":false},"author":1,"featured_media":20979,"comment_status":"open","ping_status":"closed","sticky":false,"template":"","format":"standard","meta":{"footnotes":""},"categories":[3],"tags":[],"class_list":["post-20977","post","type-post","status-publish","format-standard","has-post-thumbnail","hentry","category-deportes"],"_links":{"self":[{"href":"https:\/\/podernacional.com\/index.php?rest_route=\/wp\/v2\/posts\/20977","targetHints":{"allow":["GET"]}}],"collection":[{"href":"https:\/\/podernacional.com\/index.php?rest_route=\/wp\/v2\/posts"}],"about":[{"href":"https:\/\/podernacional.com\/index.php?rest_route=\/wp\/v2\/types\/post"}],"author":[{"embeddable":true,"href":"https:\/\/podernacional.com\/index.php?rest_route=\/wp\/v2\/users\/1"}],"replies":[{"embeddable":true,"href":"https:\/\/podernacional.com\/index.php?rest_route=%2Fwp%2Fv2%2Fcomments&post=20977"}],"version-history":[{"count":1,"href":"https:\/\/podernacional.com\/index.php?rest_route=\/wp\/v2\/posts\/20977\/revisions"}],"predecessor-version":[{"id":20978,"href":"https:\/\/podernacional.com\/index.php?rest_route=\/wp\/v2\/posts\/20977\/revisions\/20978"}],"wp:featuredmedia":[{"embeddable":true,"href":"https:\/\/podernacional.com\/index.php?rest_route=\/wp\/v2\/media\/20979"}],"wp:attachment":[{"href":"https:\/\/podernacional.com\/index.php?rest_route=%2Fwp%2Fv2%2Fmedia&parent=20977"}],"wp:term":[{"taxonomy":"category","embeddable":true,"href":"https:\/\/podernacional.com\/index.php?rest_route=%2Fwp%2Fv2%2Fcategories&post=20977"},{"taxonomy":"post_tag","embeddable":true,"href":"https:\/\/podernacional.com\/index.php?rest_route=%2Fwp%2Fv2%2Ftags&post=20977"}],"curies":[{"name":"wp","href":"https:\/\/api.w.org\/{rel}","templated":true}]}}