{"id":20983,"date":"2024-03-05T12:23:32","date_gmt":"2024-03-05T17:23:32","guid":{"rendered":"https:\/\/podernacional.com\/?p=20983"},"modified":"2024-03-05T17:23:34","modified_gmt":"2024-03-05T17:23:34","slug":"iglesia-insta-a-firmar-acuerdo-por-la-paz-senalan-que-hay-territorios-inhabitables","status":"publish","type":"post","link":"https:\/\/podernacional.com\/?p=20983","title":{"rendered":"Iglesia insta a firmar Acuerdo por la paz; se\u00f1alan que hay territorios \u2018inhabitables\u2019"},"content":{"rendered":"<p>Al hacer una llamado a las aspirantes presidenciales a firmar un Acuerdo por la paz, la Iglesia cat\u00f3lica afirm\u00f3 que territorios del pa\u00eds se han vuelto \u201cinhabitables\u201d.<\/p>\n<p>En conferencia de prensa, representantes de la Conferencia del Episcopado Mexicano (CEM), la Provincia Mexicana de la Compa\u00f1\u00eda de Jes\u00fas, la Conferencia de Superiores Mayores de Religiosos y Religiosas de M\u00e9xico, y la Dimensi\u00f3n Episcopal para los Laicos, dijeron que \u201cfrente al miedo y la desesperanza, sabemos que muchos de los territorios de este pa\u00eds se han vuelto inhabitables, que para j\u00f3venes y adolescentes se ha vuelto dif\u00edcil pensar en un futuro posible\u201d.<\/p>\n<p>Por lo tanto, hicieron un llamado urgente a contribuir significativamente a la construcci\u00f3n de la paz en M\u00e9xico con la firma del pacto el pr\u00f3ximo 11 de marzo en el Centro Cultural Tlatelolco.<\/p>\n<p>Manifestaron que diariamente somos testigos de desapariciones, asesinatos, secuestros, extorsiones y desplazamientos, evidenciando la creciente violencia, caracterizada por la injusticia y la impunidad<\/p>\n<p>Recordaron que en junio de 2022 se marca un hito en la inseguridad de nuestro pa\u00eds con los asesinatos de los sacerdotes jesuitas Javier Campos, de 79 a\u00f1os, y Joaqu\u00edn Mora, de 80 a\u00f1os, adem\u00e1s del laico Pedro Palma.<\/p>\n<p>Manifest\u00f3 que no es posible continuar con este nivel de violencia en nuestro pa\u00eds, pero que la \u00fanica manera de poner fin a la criminalidad es mediante la organizaci\u00f3n comunitaria, el fortalecimiento de las instituciones y el fortalecimiento interinstitucional.<\/p>\n<p>Expresaron que frente a la polarizaci\u00f3n ofrecen el di\u00e1logo, en donde las diferentes ideas, lejos de ser un obst\u00e1culo, son la condici\u00f3n de posibilidad para encontrar acuerdos plurales.<\/p>\n<p>Monse\u00f1or Ram\u00f3n Castro Castro, secretario general de la CEM, afirm\u00f3 que la pol\u00edtica es una de las formas m\u00e1s elevadas de la caridad porque sirve al bien comun.<\/p>\n<p>Expres\u00f3 que preocupados por una pol\u00edtica de seguridad que en 18 a\u00f1os no ha dado resultados e indignados ante la indolencia gubernamental por el incremento del control territorial por parte de la delincuencia es que convocan a este compromiso de paz a las candidatas Claudia Sheinbaum, X\u00f3chitl G\u00e1lvez y al aspirante Jorge \u00c1lvarez M\u00e1ynez para firmar el Acuerdo por la paz.<\/p>\n<p>Record\u00f3 que han aflorado y se han agravado distintos tipos de violencia como la dom\u00e9stica, la de g\u00e9nero y las redes de criminalidad.<\/p>\n<p>Afirm\u00f3 que el crimen ya est\u00e1 incidiendo en los resultados de las elecciones o est\u00e1 amenazando directamente a los aspirantes.<\/p>\n","protected":false},"excerpt":{"rendered":"<p>Al hacer una llamado a las aspirantes presidenciales a firmar un Acuerdo por la paz, la Iglesia cat\u00f3lica afirm\u00f3 que territorios del pa\u00eds se han vuelto \u201cinhabitables\u201d. En conferencia de prensa, representantes de la Conferencia del Episcopado Mexicano (CEM), la Provincia Mexicana de la Compa\u00f1\u00eda de Jes\u00fas, la Conferencia de Superiores Mayores de Religiosos y [&hellip;]<\/p>\n","protected":false},"author":1,"featured_media":20985,"comment_status":"open","ping_status":"closed","sticky":false,"template":"","format":"standard","meta":{"footnotes":""},"categories":[7],"tags":[],"class_list":["post-20983","post","type-post","status-publish","format-standard","has-post-thumbnail","hentry","category-nacional"],"_links":{"self":[{"href":"https:\/\/podernacional.com\/index.php?rest_route=\/wp\/v2\/posts\/20983","targetHints":{"allow":["GET"]}}],"collection":[{"href":"https:\/\/podernacional.com\/index.php?rest_route=\/wp\/v2\/posts"}],"about":[{"href":"https:\/\/podernacional.com\/index.php?rest_route=\/wp\/v2\/types\/post"}],"author":[{"embeddable":true,"href":"https:\/\/podernacional.com\/index.php?rest_route=\/wp\/v2\/users\/1"}],"replies":[{"embeddable":true,"href":"https:\/\/podernacional.com\/index.php?rest_route=%2Fwp%2Fv2%2Fcomments&post=20983"}],"version-history":[{"count":1,"href":"https:\/\/podernacional.com\/index.php?rest_route=\/wp\/v2\/posts\/20983\/revisions"}],"predecessor-version":[{"id":20984,"href":"https:\/\/podernacional.com\/index.php?rest_route=\/wp\/v2\/posts\/20983\/revisions\/20984"}],"wp:featuredmedia":[{"embeddable":true,"href":"https:\/\/podernacional.com\/index.php?rest_route=\/wp\/v2\/media\/20985"}],"wp:attachment":[{"href":"https:\/\/podernacional.com\/index.php?rest_route=%2Fwp%2Fv2%2Fmedia&parent=20983"}],"wp:term":[{"taxonomy":"category","embeddable":true,"href":"https:\/\/podernacional.com\/index.php?rest_route=%2Fwp%2Fv2%2Fcategories&post=20983"},{"taxonomy":"post_tag","embeddable":true,"href":"https:\/\/podernacional.com\/index.php?rest_route=%2Fwp%2Fv2%2Ftags&post=20983"}],"curies":[{"name":"wp","href":"https:\/\/api.w.org\/{rel}","templated":true}]}}