{"id":20986,"date":"2024-03-05T12:48:08","date_gmt":"2024-03-05T17:48:08","guid":{"rendered":"https:\/\/podernacional.com\/?p=20986"},"modified":"2024-03-05T17:48:10","modified_gmt":"2024-03-05T17:48:10","slug":"cpi-ordena-la-detencion-de-dos-militares-rusos-por-crimenes-de-guerra","status":"publish","type":"post","link":"https:\/\/podernacional.com\/?p=20986","title":{"rendered":"CPI ordena la detenci\u00f3n de dos militares rusos por cr\u00edmenes de guerra"},"content":{"rendered":"<p>La Corte Penal Internacional (CPI) emiti\u00f3 \u00f3rdenes de arresto internacional contra dos militares rusos por presuntos cr\u00edmenes de guerra y de lesa humanidad en el contexto de la invasi\u00f3n de Rusia sobre Ucrania.<\/p>\n<p>En concreto, la sala II de la c\u00e1mara de primera instancia de la CPI reclama al teniente general de las Fuerzas Armadas Rusas, Sergei Ivanovich Kobylash, y al almirante de la Armada Rusa, Viktor Nikolayevich Sokolov.<\/p>\n<p>La corte atribuye a ambos la presunta responsabilidad de cr\u00edmenes de guerra por dirigir ataques contra civiles y por causar \u201cda\u00f1o incidental excesivo\u201d a civiles u objetos civiles, adem\u00e1s de ser supuestamente responsables de cr\u00edmenes de lesa humanidad por \u201cactos inhumanos\u201c.<\/p>\n<p>\u201cHay motivos razonables para creer que son individualmente responsables penalmente por los mencionados cr\u00edmenes por haber cometido los actos conjuntamente y\/o a trav\u00e9s de otros, ordenar la comisi\u00f3n de los cr\u00edmenes, y\/o por su falta de ejercicio de un control adecuado sobre las fuerzas bajo su mando\u201d, indic\u00f3 la CPI en un comunicado.<\/p>\n<p>Ese tribunal, que emite sendas \u00f3rdenes a petici\u00f3n de la Fiscal\u00eda de la CPI, entiende que \u201cexisten motivos razonables para creer que los dos sospechosos son responsables de los ataques con misiles llevados a cabo por las fuerzas bajo su mando contra la infraestructura el\u00e9ctrica ucraniana desde al menos el 10 de octubre de 2022 hasta al menos el 9 de marzo de 2023\u2033.<\/p>\n<p>\u201cDurante este periodo, hubo una supuesta campa\u00f1a de ataques contra numerosas centrales el\u00e9ctricas y subestaciones, que fueron llevados a cabo por las fuerzas armadas rusas en m\u00faltiples ubicaciones en Ucrania\u201c, agrega la corte.<\/p>\n<p>La sala que analiza el caso considera que \u201cexisten motivos razonables para creer que los presuntos ataques fueron dirigidos contra objetos civiles y, en cuanto a aquellas instalaciones que podr\u00edan haber sido consideradas objetivos militares en el momento relevante, el da\u00f1o civil incidental esperado habr\u00eda sido claramente excesivo en comparaci\u00f3n con la ventaja militar anticipada\u201d.<\/p>\n<p>Esa presunta campa\u00f1a de ataques puede entenderse como una \u201cconducta que implica la comisi\u00f3n m\u00faltiple de actos contra una poblaci\u00f3n civil, de conformidad con una pol\u00edtica estatal\u201d.<\/p>\n<p>\u201cComo tal, existen motivos razonables para creer que los sospechosos tambi\u00e9n son responsables del crimen de lesa humanidad de \u2018otros actos inhumanos (\u2026) que causen intencionalmente un gran sufrimiento o lesiones graves al cuerpo o a la salud mental o f\u00edsica&#8217;\u201d, seg\u00fan el Estatuto de Roma en el que se fundamenta la CPI.<\/p>\n<p>Normalmente, el contenido de las \u00f3rdenes de detenci\u00f3n es \u201csecreto\u201d, pero la CPI entiende que difundirlas en esta ocasi\u00f3n puede \u201ccontribuir a la prevenci\u00f3n de la comisi\u00f3n adicional de cr\u00edmenes\u201d.<\/p>\n","protected":false},"excerpt":{"rendered":"<p>La Corte Penal Internacional (CPI) emiti\u00f3 \u00f3rdenes de arresto internacional contra dos militares rusos por presuntos cr\u00edmenes de guerra y de lesa humanidad en el contexto de la invasi\u00f3n de Rusia sobre Ucrania. En concreto, la sala II de la c\u00e1mara de primera instancia de la CPI reclama al teniente general de las Fuerzas Armadas [&hellip;]<\/p>\n","protected":false},"author":1,"featured_media":20988,"comment_status":"open","ping_status":"closed","sticky":false,"template":"","format":"standard","meta":{"footnotes":""},"categories":[5],"tags":[],"class_list":["post-20986","post","type-post","status-publish","format-standard","has-post-thumbnail","hentry","category-internacional"],"_links":{"self":[{"href":"https:\/\/podernacional.com\/index.php?rest_route=\/wp\/v2\/posts\/20986","targetHints":{"allow":["GET"]}}],"collection":[{"href":"https:\/\/podernacional.com\/index.php?rest_route=\/wp\/v2\/posts"}],"about":[{"href":"https:\/\/podernacional.com\/index.php?rest_route=\/wp\/v2\/types\/post"}],"author":[{"embeddable":true,"href":"https:\/\/podernacional.com\/index.php?rest_route=\/wp\/v2\/users\/1"}],"replies":[{"embeddable":true,"href":"https:\/\/podernacional.com\/index.php?rest_route=%2Fwp%2Fv2%2Fcomments&post=20986"}],"version-history":[{"count":1,"href":"https:\/\/podernacional.com\/index.php?rest_route=\/wp\/v2\/posts\/20986\/revisions"}],"predecessor-version":[{"id":20987,"href":"https:\/\/podernacional.com\/index.php?rest_route=\/wp\/v2\/posts\/20986\/revisions\/20987"}],"wp:featuredmedia":[{"embeddable":true,"href":"https:\/\/podernacional.com\/index.php?rest_route=\/wp\/v2\/media\/20988"}],"wp:attachment":[{"href":"https:\/\/podernacional.com\/index.php?rest_route=%2Fwp%2Fv2%2Fmedia&parent=20986"}],"wp:term":[{"taxonomy":"category","embeddable":true,"href":"https:\/\/podernacional.com\/index.php?rest_route=%2Fwp%2Fv2%2Fcategories&post=20986"},{"taxonomy":"post_tag","embeddable":true,"href":"https:\/\/podernacional.com\/index.php?rest_route=%2Fwp%2Fv2%2Ftags&post=20986"}],"curies":[{"name":"wp","href":"https:\/\/api.w.org\/{rel}","templated":true}]}}