{"id":20989,"date":"2024-03-06T08:13:17","date_gmt":"2024-03-06T13:13:17","guid":{"rendered":"https:\/\/podernacional.com\/?p=20989"},"modified":"2024-03-06T13:13:36","modified_gmt":"2024-03-06T13:13:36","slug":"pronostican-cielo-nublado-con-posibilidades-de-lluvias-aisladas-para-la-peninsula-de-yucatan","status":"publish","type":"post","link":"https:\/\/podernacional.com\/?p=20989","title":{"rendered":"Pronostican cielo nublado con posibilidades de lluvias aisladas para la Pen\u00ednsula de Yucat\u00e1n"},"content":{"rendered":"<p>Este d\u00eda, una circulaci\u00f3n anticicl\u00f3nica en niveles medios de la atm\u00f3sfera mantendr\u00e1 el cielo despejado y un ambiente c\u00e1lido a caluroso con escasa probabilidad de lluvia en la mayor parte del territorio nacional.<\/p>\n<p>Sin embargo, un canal de baja presi\u00f3n extendido sobre el oriente del pa\u00eds, en interacci\u00f3n con una l\u00ednea seca al norte de Tamaulipas y el flujo de la corriente en chorro subtropical, provocar\u00e1 fuertes rachas de viento con posibles tolvaneras, as\u00ed como lluvias aisladas en el noreste de M\u00e9xico.<\/p>\n<p>Adem\u00e1s, un segundo canal de baja presi\u00f3n se extender\u00e1 sobre el sureste del territorio nacional y, en combinaci\u00f3n con el ingreso de humedad del Golfo de M\u00e9xico y el Mar Caribe, ocasionar\u00e1 lluvias y chubascos en dicha regi\u00f3n, incluyendo la Pen\u00ednsula de Yucat\u00e1n.<\/p>\n<p>Por otro lado, durante la noche, un frente fr\u00edo ingresar\u00e1 sobre el noroeste de M\u00e9xico, asoci\u00e1ndose con una vaguada polar y con la corriente en chorro subtropical, lo que provocar\u00e1 rachas de viento fuertes con tolvaneras en dicha regi\u00f3n, as\u00ed como lluvias puntuales fuertes y posible ca\u00edda de nieve o aguanieve durante la noche y la madrugada del jueves en las sierras de Baja California.<\/p>\n<p>En cuanto a la Pen\u00ednsula de Yucat\u00e1n, se espera un cielo medio nublado durante el d\u00eda con lluvias aisladas en zonas de Yucat\u00e1n, mientras que no se prev\u00e9n precipitaciones en Campeche y Quintana Roo.<\/p>\n<p>El ambiente ser\u00e1 templado por la ma\u00f1ana y caluroso por la tarde, siendo muy caluroso en Campeche y Yucat\u00e1n. El viento soplar\u00e1 del sureste a una velocidad de 15 a 30 km\/h con rachas de 40 a 60 km\/h en la regi\u00f3n.<\/p>\n","protected":false},"excerpt":{"rendered":"<p>Este d\u00eda, una circulaci\u00f3n anticicl\u00f3nica en niveles medios de la atm\u00f3sfera mantendr\u00e1 el cielo despejado y un ambiente c\u00e1lido a caluroso con escasa probabilidad de lluvia en la mayor parte del territorio nacional. Sin embargo, un canal de baja presi\u00f3n extendido sobre el oriente del pa\u00eds, en interacci\u00f3n con una l\u00ednea seca al norte de [&hellip;]<\/p>\n","protected":false},"author":1,"featured_media":20991,"comment_status":"open","ping_status":"closed","sticky":false,"template":"","format":"standard","meta":{"footnotes":""},"categories":[6],"tags":[],"class_list":["post-20989","post","type-post","status-publish","format-standard","has-post-thumbnail","hentry","category-local"],"_links":{"self":[{"href":"https:\/\/podernacional.com\/index.php?rest_route=\/wp\/v2\/posts\/20989","targetHints":{"allow":["GET"]}}],"collection":[{"href":"https:\/\/podernacional.com\/index.php?rest_route=\/wp\/v2\/posts"}],"about":[{"href":"https:\/\/podernacional.com\/index.php?rest_route=\/wp\/v2\/types\/post"}],"author":[{"embeddable":true,"href":"https:\/\/podernacional.com\/index.php?rest_route=\/wp\/v2\/users\/1"}],"replies":[{"embeddable":true,"href":"https:\/\/podernacional.com\/index.php?rest_route=%2Fwp%2Fv2%2Fcomments&post=20989"}],"version-history":[{"count":1,"href":"https:\/\/podernacional.com\/index.php?rest_route=\/wp\/v2\/posts\/20989\/revisions"}],"predecessor-version":[{"id":20990,"href":"https:\/\/podernacional.com\/index.php?rest_route=\/wp\/v2\/posts\/20989\/revisions\/20990"}],"wp:featuredmedia":[{"embeddable":true,"href":"https:\/\/podernacional.com\/index.php?rest_route=\/wp\/v2\/media\/20991"}],"wp:attachment":[{"href":"https:\/\/podernacional.com\/index.php?rest_route=%2Fwp%2Fv2%2Fmedia&parent=20989"}],"wp:term":[{"taxonomy":"category","embeddable":true,"href":"https:\/\/podernacional.com\/index.php?rest_route=%2Fwp%2Fv2%2Fcategories&post=20989"},{"taxonomy":"post_tag","embeddable":true,"href":"https:\/\/podernacional.com\/index.php?rest_route=%2Fwp%2Fv2%2Ftags&post=20989"}],"curies":[{"name":"wp","href":"https:\/\/api.w.org\/{rel}","templated":true}]}}