{"id":21016,"date":"2024-03-07T12:36:06","date_gmt":"2024-03-07T17:36:06","guid":{"rendered":"https:\/\/podernacional.com\/?p=21016"},"modified":"2024-03-07T17:36:08","modified_gmt":"2024-03-07T17:36:08","slug":"trump-solicita-a-biden-debates-televisados-por-el-bien-de-ee-uu","status":"publish","type":"post","link":"https:\/\/podernacional.com\/?p=21016","title":{"rendered":"Trump solicita a Biden debates televisados \u201cpor el bien\u201d de EE.UU."},"content":{"rendered":"<p>Donald Trump quiere mantener debates televisados con el presidente estadounidense, y presumible candidato dem\u00f3crata en las elecciones de noviembre, Joe Biden, \u201cpor el bien\u201d del pa\u00eds, se\u00f1alaron medios nacionales.<\/p>\n<p>En mensajes publicados en su red social, Truth Social, en la noche del mi\u00e9rcoles y recogidos este jueves por The Hill, Trump escribi\u00f3: \u201cEs importante, por el bien de nuestro pa\u00eds, que Joe Biden y yo debatamos temas que son vitales para Estados Unidos y el pueblo estadounidense\u201d.<\/p>\n<p>\u201cPor lo tanto estoy pidiendo debates, en cualquier momento, donde sea, en cualquier lugar\u201d, continu\u00f3 el expresidente estadounidense (2017-2021).<\/p>\n<p>Trump aprovech\u00f3 para atacar a los dem\u00f3cratas al a\u00f1adir que los debates pueden ser organizados por \u201cel corrupto\u201d Comit\u00e9 Democr\u00e1tico Nacional (CDN) o \u201csu subsidiaria, la Comisi\u00f3n de Debates Presidenciales\u201d.<\/p>\n<p>La petici\u00f3n de Trump contrasta con su decisi\u00f3n de no comparecer en ninguno de los debates organizados por el Partido Republicano durante el proceso de primarias, por lo que no se enfrent\u00f3 a otros aspirantes republicanos como Nikki Haley o Ron DeSantis.<\/p>\n<p>Trump tambi\u00e9n public\u00f3 sus mensajes poco despu\u00e9s de que Haley anunciara que suspend\u00eda su campa\u00f1a para convertirse en candidata republicana a la presidencia tras el supermartes.<\/p>\n<p>El mi\u00e9rcoles, antes de que Trump solicitara debatir a Biden, la secretaria de prensa de la Casa Blanca , Karine Jean-Pierre, se neg\u00f3 a confirmar que los encuentros televisados se vayan a producir.<\/p>\n<p>Jean-Pierre se\u00f1al\u00f3 que es una decisi\u00f3n de la campa\u00f1a de Biden.<\/p>\n","protected":false},"excerpt":{"rendered":"<p>Donald Trump quiere mantener debates televisados con el presidente estadounidense, y presumible candidato dem\u00f3crata en las elecciones de noviembre, Joe Biden, \u201cpor el bien\u201d del pa\u00eds, se\u00f1alaron medios nacionales. En mensajes publicados en su red social, Truth Social, en la noche del mi\u00e9rcoles y recogidos este jueves por The Hill, Trump escribi\u00f3: \u201cEs importante, por [&hellip;]<\/p>\n","protected":false},"author":1,"featured_media":21018,"comment_status":"open","ping_status":"closed","sticky":false,"template":"","format":"standard","meta":{"footnotes":""},"categories":[5],"tags":[],"class_list":["post-21016","post","type-post","status-publish","format-standard","has-post-thumbnail","hentry","category-internacional"],"_links":{"self":[{"href":"https:\/\/podernacional.com\/index.php?rest_route=\/wp\/v2\/posts\/21016","targetHints":{"allow":["GET"]}}],"collection":[{"href":"https:\/\/podernacional.com\/index.php?rest_route=\/wp\/v2\/posts"}],"about":[{"href":"https:\/\/podernacional.com\/index.php?rest_route=\/wp\/v2\/types\/post"}],"author":[{"embeddable":true,"href":"https:\/\/podernacional.com\/index.php?rest_route=\/wp\/v2\/users\/1"}],"replies":[{"embeddable":true,"href":"https:\/\/podernacional.com\/index.php?rest_route=%2Fwp%2Fv2%2Fcomments&post=21016"}],"version-history":[{"count":1,"href":"https:\/\/podernacional.com\/index.php?rest_route=\/wp\/v2\/posts\/21016\/revisions"}],"predecessor-version":[{"id":21017,"href":"https:\/\/podernacional.com\/index.php?rest_route=\/wp\/v2\/posts\/21016\/revisions\/21017"}],"wp:featuredmedia":[{"embeddable":true,"href":"https:\/\/podernacional.com\/index.php?rest_route=\/wp\/v2\/media\/21018"}],"wp:attachment":[{"href":"https:\/\/podernacional.com\/index.php?rest_route=%2Fwp%2Fv2%2Fmedia&parent=21016"}],"wp:term":[{"taxonomy":"category","embeddable":true,"href":"https:\/\/podernacional.com\/index.php?rest_route=%2Fwp%2Fv2%2Fcategories&post=21016"},{"taxonomy":"post_tag","embeddable":true,"href":"https:\/\/podernacional.com\/index.php?rest_route=%2Fwp%2Fv2%2Ftags&post=21016"}],"curies":[{"name":"wp","href":"https:\/\/api.w.org\/{rel}","templated":true}]}}