{"id":21025,"date":"2024-03-08T10:42:58","date_gmt":"2024-03-08T15:42:58","guid":{"rendered":"https:\/\/podernacional.com\/?p=21025"},"modified":"2024-03-08T15:43:00","modified_gmt":"2024-03-08T15:43:00","slug":"fieh-la-sorprendente-banda-noruega-que-llega-a-mexico","status":"publish","type":"post","link":"https:\/\/podernacional.com\/?p=21025","title":{"rendered":"Fieh, la sorprendente banda noruega que llega a M\u00e9xico"},"content":{"rendered":"<p>La reconocida banda noruega Fieh est\u00e1 a punto de hacer historia al realizar su primera presentaci\u00f3n en M\u00e9xico, espec\u00edficamente en el escenario del Departamento el pr\u00f3ximo 9 de marzo. En una entrevista para Unotv.com, Sofie Tollefsb\u00f8l, vocalista de la banda, conocimos m\u00e1s sobre su m\u00fasica, sus expectativas y proyectos futuros.<\/p>\n<p>Al preguntarle a Sofie c\u00f3mo describir\u00eda la m\u00fasica de Fieh, la vocalista destac\u00f3 la dificultad de encasillarla en g\u00e9neros espec\u00edficos. Sin embargo, se\u00f1al\u00f3 la presencia de elementos de jazz, R&amp;B, hip hop y funk franc\u00e9s. La banda se caracteriza por ser una mezcla ecl\u00e9ctica de todas las influencias que los miembros encuentran inspiradoras.<\/p>\n<p>A pesar de la distancia geogr\u00e1fica entre Noruega y M\u00e9xico, Sofie revel\u00f3 que el pa\u00eds siempre ha sido un sue\u00f1o para Fieh. La posibilidad de realizar este viaje se materializ\u00f3 gracias a conexiones en M\u00e9xico a trav\u00e9s de su sello discogr\u00e1fico noruego. La vocalista expres\u00f3 su emoci\u00f3n al cumplir este anhelo y resalt\u00f3 la importancia que M\u00e9xico tiene para la banda.<\/p>\n<p>Sofie se\u00f1al\u00f3 que m\u00e1s all\u00e1 de preparativos espec\u00edficos, simplemente esperan que el p\u00fablico disfrute de la m\u00fasica que interpretar\u00e1n. Revel\u00f3 haberse sumergido en la cultura mexicana, disfrutando de tacos y margaritas para conectarse a\u00fan m\u00e1s con la audiencia local.<\/p>\n<p>Proyectos futuros de Fieh<br \/>\nEn cuanto a nuevos proyectos, Sofie comparti\u00f3 que Fieh est\u00e1 constantemente trabajando en m\u00fasica. Dada la diversidad de miembros en la banda, cada uno con proyectos individuales, la creatividad fluye constantemente. El enfoque experimental y reactivo en la direcci\u00f3n musical de la banda se mantiene, y el pr\u00f3ximo \u00e1lbum podr\u00eda ser una reacci\u00f3n a la experiencia en M\u00e9xico.<\/p>\n<p>Los integrantes de Fieh tienen inter\u00e9s en colaborar con artistas mexicanos cono con la banda Hello Seahorse. Sofie destac\u00f3 la globalizaci\u00f3n de la m\u00fasica mexicana y la oportunidad de explorar nuevas colaboraciones durante su estad\u00eda en el pa\u00eds.<\/p>\n<p>El significado de FIEH:<br \/>\nLa vocalista revel\u00f3 que el nombre Fieh no tiene una historia especialmente hermosa detr\u00e1s. Surgi\u00f3 de la necesidad de encontrar un nombre para el proyecto en solitario de Sofie por lo que tom\u00f3 el final de su nombre y le agreg\u00f3 la \u201ch\u201d, para darle m\u00e1s cache.<\/p>\n","protected":false},"excerpt":{"rendered":"<p>La reconocida banda noruega Fieh est\u00e1 a punto de hacer historia al realizar su primera presentaci\u00f3n en M\u00e9xico, espec\u00edficamente en el escenario del Departamento el pr\u00f3ximo 9 de marzo. En una entrevista para Unotv.com, Sofie Tollefsb\u00f8l, vocalista de la banda, conocimos m\u00e1s sobre su m\u00fasica, sus expectativas y proyectos futuros. Al preguntarle a Sofie c\u00f3mo [&hellip;]<\/p>\n","protected":false},"author":1,"featured_media":21027,"comment_status":"open","ping_status":"closed","sticky":false,"template":"","format":"standard","meta":{"footnotes":""},"categories":[4],"tags":[],"class_list":["post-21025","post","type-post","status-publish","format-standard","has-post-thumbnail","hentry","category-espectaculos"],"_links":{"self":[{"href":"https:\/\/podernacional.com\/index.php?rest_route=\/wp\/v2\/posts\/21025","targetHints":{"allow":["GET"]}}],"collection":[{"href":"https:\/\/podernacional.com\/index.php?rest_route=\/wp\/v2\/posts"}],"about":[{"href":"https:\/\/podernacional.com\/index.php?rest_route=\/wp\/v2\/types\/post"}],"author":[{"embeddable":true,"href":"https:\/\/podernacional.com\/index.php?rest_route=\/wp\/v2\/users\/1"}],"replies":[{"embeddable":true,"href":"https:\/\/podernacional.com\/index.php?rest_route=%2Fwp%2Fv2%2Fcomments&post=21025"}],"version-history":[{"count":1,"href":"https:\/\/podernacional.com\/index.php?rest_route=\/wp\/v2\/posts\/21025\/revisions"}],"predecessor-version":[{"id":21026,"href":"https:\/\/podernacional.com\/index.php?rest_route=\/wp\/v2\/posts\/21025\/revisions\/21026"}],"wp:featuredmedia":[{"embeddable":true,"href":"https:\/\/podernacional.com\/index.php?rest_route=\/wp\/v2\/media\/21027"}],"wp:attachment":[{"href":"https:\/\/podernacional.com\/index.php?rest_route=%2Fwp%2Fv2%2Fmedia&parent=21025"}],"wp:term":[{"taxonomy":"category","embeddable":true,"href":"https:\/\/podernacional.com\/index.php?rest_route=%2Fwp%2Fv2%2Fcategories&post=21025"},{"taxonomy":"post_tag","embeddable":true,"href":"https:\/\/podernacional.com\/index.php?rest_route=%2Fwp%2Fv2%2Ftags&post=21025"}],"curies":[{"name":"wp","href":"https:\/\/api.w.org\/{rel}","templated":true}]}}