{"id":2104,"date":"2021-01-06T02:10:15","date_gmt":"2021-01-06T02:10:15","guid":{"rendered":"http:\/\/whatsappcancun.com\/?p=2104"},"modified":"2021-01-06T02:10:15","modified_gmt":"2021-01-06T02:10:15","slug":"mueren-cientos-de-pajaros-en-roma-tras-festejos-de-ano-nuevo","status":"publish","type":"post","link":"https:\/\/podernacional.com\/?p=2104","title":{"rendered":"Mueren cientos de p\u00e1jaros en Roma tras festejos de A\u00f1o Nuevo"},"content":{"rendered":"\n<p>ROMA.- Un grupo de defensa por los derechos de los animales informaron que cientos de p\u00e1jaros murieron despu\u00e9s de que muchas personas lanzaron\u00a0<strong>fuegos artificiales en Roma,<\/strong>\u00a0Italia en la v\u00edspera de\u00a0<strong>A\u00f1o Nuevo.<\/strong><\/p>\n\n\n\n<figure class=\"wp-block-embed-twitter wp-block-embed is-type-rich is-provider-twitter\">\n<div class=\"wp-block-embed__wrapper\">https:\/\/twitter.com\/somosraya\/status\/1345078875408232451?ref_src=twsrc%5Etfw%7Ctwcamp%5Etweetembed%7Ctwterm%5E1345078875408232451%7Ctwgr%5E%7Ctwcon%5Es1_&amp;ref_url=https%3A%2F%2Fwww.24horasqroo.mx%2Fespectaculos%2Fdua-lipa-de-vacaciones-en-tulum-divide-opiniones-en-redes%2F<\/div>\n<\/figure>\n\n\n\n<p>Algunas personas compartieron las im\u00e1genes de las calles cercanas a la principal estaci\u00f3n de tren de Roma mostraron decenas de p\u00e1jaros, que en su mayor\u00eda eran estorninos, esparcidos sin vida por el suelo.<\/p>\n\n\n\n<p>La\u00a0<strong>Organizaci\u00f3n Internacional para la Protecci\u00f3n de los Animales<\/strong>\u00a0se\u00f1al\u00f3 que la muerte de las decenas de p\u00e1jaros parece estar\u00a0<strong>relacionada con la explosi\u00f3n ruidosa de petardos y fuegos artificiales<\/strong>\u00a0en la zona donde muchas aves la usan para anidar.<\/p>\n","protected":false},"excerpt":{"rendered":"<p>ROMA.- Un grupo de defensa por los derechos de los animales informaron que cientos de p\u00e1jaros murieron despu\u00e9s de que muchas personas lanzaron\u00a0fuegos artificiales en Roma,\u00a0Italia en la v\u00edspera de\u00a0A\u00f1o Nuevo. Algunas personas compartieron las im\u00e1genes de las calles cercanas a la principal estaci\u00f3n de tren de Roma mostraron decenas de p\u00e1jaros, que en su [&hellip;]<\/p>\n","protected":false},"author":1,"featured_media":2105,"comment_status":"open","ping_status":"open","sticky":false,"template":"","format":"standard","meta":{"footnotes":""},"categories":[12],"tags":[],"class_list":["post-2104","post","type-post","status-publish","format-standard","has-post-thumbnail","hentry","category-sin-categoria"],"_links":{"self":[{"href":"https:\/\/podernacional.com\/index.php?rest_route=\/wp\/v2\/posts\/2104","targetHints":{"allow":["GET"]}}],"collection":[{"href":"https:\/\/podernacional.com\/index.php?rest_route=\/wp\/v2\/posts"}],"about":[{"href":"https:\/\/podernacional.com\/index.php?rest_route=\/wp\/v2\/types\/post"}],"author":[{"embeddable":true,"href":"https:\/\/podernacional.com\/index.php?rest_route=\/wp\/v2\/users\/1"}],"replies":[{"embeddable":true,"href":"https:\/\/podernacional.com\/index.php?rest_route=%2Fwp%2Fv2%2Fcomments&post=2104"}],"version-history":[{"count":0,"href":"https:\/\/podernacional.com\/index.php?rest_route=\/wp\/v2\/posts\/2104\/revisions"}],"wp:featuredmedia":[{"embeddable":true,"href":"https:\/\/podernacional.com\/index.php?rest_route=\/wp\/v2\/media\/2105"}],"wp:attachment":[{"href":"https:\/\/podernacional.com\/index.php?rest_route=%2Fwp%2Fv2%2Fmedia&parent=2104"}],"wp:term":[{"taxonomy":"category","embeddable":true,"href":"https:\/\/podernacional.com\/index.php?rest_route=%2Fwp%2Fv2%2Fcategories&post=2104"},{"taxonomy":"post_tag","embeddable":true,"href":"https:\/\/podernacional.com\/index.php?rest_route=%2Fwp%2Fv2%2Ftags&post=2104"}],"curies":[{"name":"wp","href":"https:\/\/api.w.org\/{rel}","templated":true}]}}