{"id":21064,"date":"2024-03-11T11:53:46","date_gmt":"2024-03-11T16:53:46","guid":{"rendered":"https:\/\/podernacional.com\/?p=21064"},"modified":"2024-03-11T16:53:48","modified_gmt":"2024-03-11T16:53:48","slug":"filtrada-la-primera-escena-de-super-mario-bros-2-la-pelicula-con-un-personaje-inesperado","status":"publish","type":"post","link":"https:\/\/podernacional.com\/?p=21064","title":{"rendered":"Filtrada la primera escena de Super Mario Bros 2 La Pel\u00edcula, con un personaje inesperado"},"content":{"rendered":"<p>Una de las grandes sorpresas del Mar10 Day, o D\u00eda de Mario, ha sido la revelaci\u00f3n con fecha de la nueva pel\u00edcula de Super Mario Bros. Shigeru Miyamoto, creador del famoso fontanero de Nintendo, apareci\u00f3 de forma inesperada en un v\u00eddeo para anunciar que la secuela est\u00e1 en marcha. Y la maquinaria de internet no ha tardado en hacer de las suyas: Super Mario Bros 2 La Pel\u00edcula ha sufrido su primera filtraci\u00f3n.<\/p>\n<p>La cuenta de Twitter (X) Cartoon Updates ha compartido una imagen de lo que parece un storyboard. En ella, aparecen Mario y Luigi con unas capuchas, o con el traje de Ping\u00fcino, en lo que pinta a ser un mercado. Entre los puestos hay desde un Cheep-Cheep embotellado hasta ristras de cebollas y numerosas p\u00f3cimas. Pero lo que destaca en primer plano es un enemigo bastante inesperado: Gr\u00e1covitz. Pod\u00e9is ver la imagen al final de esta noticia.<\/p>\n<p>El villano de Mario &amp; Luigi, enemigo principal en la segunda entrega de esta saga, Compa\u00f1eros en el Tiempo, aparece disfrazado de Toad, aunque su sonrisa, su flequillo y sus gafas lo delatan. Puede que, a diferencia de lo que se esperaba, esta nueva entrega cinematogr\u00e1fica explore la saga de juegos de GBA y Nintendo DS, en la que los hermanos viajan en el tiempo y hasta a las entra\u00f1as de Bowser.<\/p>\n<p>Lo que ha hecho saltar las alarmas con esta filtraci\u00f3n es que la imagen ha sido retirada. La marca de agua de Universal en su parte inferior invitaba a pensar en su veracidad. Sin embargo, su eliminaci\u00f3n en redes termina por reforzarla, aunque la pod\u00e9is encontrar a continuaci\u00f3n. No ha pasado ni un d\u00eda desde su anuncio formal, que nos invita a su estreno en 2026, para ver la primera escena filtrada de Super Mario Bros 2 La Pel\u00edcula.<\/p>\n","protected":false},"excerpt":{"rendered":"<p>Una de las grandes sorpresas del Mar10 Day, o D\u00eda de Mario, ha sido la revelaci\u00f3n con fecha de la nueva pel\u00edcula de Super Mario Bros. Shigeru Miyamoto, creador del famoso fontanero de Nintendo, apareci\u00f3 de forma inesperada en un v\u00eddeo para anunciar que la secuela est\u00e1 en marcha. Y la maquinaria de internet no [&hellip;]<\/p>\n","protected":false},"author":1,"featured_media":21066,"comment_status":"open","ping_status":"closed","sticky":false,"template":"","format":"standard","meta":{"footnotes":""},"categories":[4],"tags":[],"class_list":["post-21064","post","type-post","status-publish","format-standard","has-post-thumbnail","hentry","category-espectaculos"],"_links":{"self":[{"href":"https:\/\/podernacional.com\/index.php?rest_route=\/wp\/v2\/posts\/21064","targetHints":{"allow":["GET"]}}],"collection":[{"href":"https:\/\/podernacional.com\/index.php?rest_route=\/wp\/v2\/posts"}],"about":[{"href":"https:\/\/podernacional.com\/index.php?rest_route=\/wp\/v2\/types\/post"}],"author":[{"embeddable":true,"href":"https:\/\/podernacional.com\/index.php?rest_route=\/wp\/v2\/users\/1"}],"replies":[{"embeddable":true,"href":"https:\/\/podernacional.com\/index.php?rest_route=%2Fwp%2Fv2%2Fcomments&post=21064"}],"version-history":[{"count":1,"href":"https:\/\/podernacional.com\/index.php?rest_route=\/wp\/v2\/posts\/21064\/revisions"}],"predecessor-version":[{"id":21065,"href":"https:\/\/podernacional.com\/index.php?rest_route=\/wp\/v2\/posts\/21064\/revisions\/21065"}],"wp:featuredmedia":[{"embeddable":true,"href":"https:\/\/podernacional.com\/index.php?rest_route=\/wp\/v2\/media\/21066"}],"wp:attachment":[{"href":"https:\/\/podernacional.com\/index.php?rest_route=%2Fwp%2Fv2%2Fmedia&parent=21064"}],"wp:term":[{"taxonomy":"category","embeddable":true,"href":"https:\/\/podernacional.com\/index.php?rest_route=%2Fwp%2Fv2%2Fcategories&post=21064"},{"taxonomy":"post_tag","embeddable":true,"href":"https:\/\/podernacional.com\/index.php?rest_route=%2Fwp%2Fv2%2Ftags&post=21064"}],"curies":[{"name":"wp","href":"https:\/\/api.w.org\/{rel}","templated":true}]}}