{"id":21076,"date":"2024-03-12T10:51:30","date_gmt":"2024-03-12T15:51:30","guid":{"rendered":"https:\/\/podernacional.com\/?p=21076"},"modified":"2024-03-12T15:51:32","modified_gmt":"2024-03-12T15:51:32","slug":"peso-pluma-divide-opiniones-tras-aparecer-en-portada-de-rolling-stone","status":"publish","type":"post","link":"https:\/\/podernacional.com\/?p=21076","title":{"rendered":"Peso Pluma divide opiniones tras aparecer en portada de Rolling Stone"},"content":{"rendered":"<p>La popularidad de Peso Pluma llev\u00f3 al cantante a aparecer en la portada de la revista Rolling Stone. A trav\u00e9s de redes sociales se public\u00f3 la imagen del cantante, lo que desat\u00f3 un debate en redes sociales.<\/p>\n<p>Como es costumbre, la portada de la revista Rolling Stone caus\u00f3 revuelo. En la publicaci\u00f3n, se puede leer que Peso Pluma es reconocido como \u201cel artista nuevo m\u00e1s importante del planeta\u201d.<\/p>\n<p>En la portada de la ic\u00f3nica revista se ve al cantante de corridos tumbados posando con una sudadera gris y una lujosa cadena, como las que el famoso suele presumir en varias ocasiones.<\/p>\n<p>Despu\u00e9s de que se diera a conocer que Peso Pluma era la portada de la revista Rolling Stone, las redes se dividieron. Por un lado, los fans del cantante no se hicieron esperar y reaccionaron con comentarios positivos.<\/p>\n<p>\u201cEl rey de M\u00e9xico\u201d, \u201cOrgulloso de ti, hermano\u201d, \u201cViva M\u00e9xico. Y soporten llorones\u201d, \u201cEl rey Peso Pluma\u201d, \u201cLo bueno es que se deshizo de esa garrapata que solo estaba con \u00e9l por inter\u00e9s\u201d, \u201cTe amo, Hassan\u201d, \u201cVa pa\u2019 arriba por m\u00e1s que traten de tumbarlo somos m\u00e1s los que lo apoyamos\u201d, se puede leer por parte de los fans<\/p>\n<p>Mientras que algunos m\u00e1s no vieron con buenos ojos que Peso Pluma fuera catalogado como el futuro en la m\u00fasica mexicana y, adem\u00e1s, tambi\u00e9n arremetieron contra la revista.<\/p>\n<p>\u201cEste personaje para nada representa la m\u00fasica mexicana\u201d, \u201cNo fue ni a Vi\u00f1a (del mar) y dice ser el futuro de la m\u00fasica\u201d, \u201cPor qu\u00e9 le siguen dando promoci\u00f3n a ese\u201d, \u201cEs el resultado de la decadencia moral y el analfabetismo cultural que se encuentra el mundo. Esto no es un buen augurio\u201d, \u201cMuri\u00f3 la revista definitivamente\u201d, \u201c\u00bfSer machista y mis\u00f3gino es el futuro de la \u201cm\u00fasica\u201d? \u00bfEnserio, @rollingstone ?\u201d<\/p>\n","protected":false},"excerpt":{"rendered":"<p>La popularidad de Peso Pluma llev\u00f3 al cantante a aparecer en la portada de la revista Rolling Stone. A trav\u00e9s de redes sociales se public\u00f3 la imagen del cantante, lo que desat\u00f3 un debate en redes sociales. Como es costumbre, la portada de la revista Rolling Stone caus\u00f3 revuelo. En la publicaci\u00f3n, se puede leer [&hellip;]<\/p>\n","protected":false},"author":1,"featured_media":21078,"comment_status":"open","ping_status":"closed","sticky":false,"template":"","format":"standard","meta":{"footnotes":""},"categories":[4],"tags":[],"class_list":["post-21076","post","type-post","status-publish","format-standard","has-post-thumbnail","hentry","category-espectaculos"],"_links":{"self":[{"href":"https:\/\/podernacional.com\/index.php?rest_route=\/wp\/v2\/posts\/21076","targetHints":{"allow":["GET"]}}],"collection":[{"href":"https:\/\/podernacional.com\/index.php?rest_route=\/wp\/v2\/posts"}],"about":[{"href":"https:\/\/podernacional.com\/index.php?rest_route=\/wp\/v2\/types\/post"}],"author":[{"embeddable":true,"href":"https:\/\/podernacional.com\/index.php?rest_route=\/wp\/v2\/users\/1"}],"replies":[{"embeddable":true,"href":"https:\/\/podernacional.com\/index.php?rest_route=%2Fwp%2Fv2%2Fcomments&post=21076"}],"version-history":[{"count":1,"href":"https:\/\/podernacional.com\/index.php?rest_route=\/wp\/v2\/posts\/21076\/revisions"}],"predecessor-version":[{"id":21077,"href":"https:\/\/podernacional.com\/index.php?rest_route=\/wp\/v2\/posts\/21076\/revisions\/21077"}],"wp:featuredmedia":[{"embeddable":true,"href":"https:\/\/podernacional.com\/index.php?rest_route=\/wp\/v2\/media\/21078"}],"wp:attachment":[{"href":"https:\/\/podernacional.com\/index.php?rest_route=%2Fwp%2Fv2%2Fmedia&parent=21076"}],"wp:term":[{"taxonomy":"category","embeddable":true,"href":"https:\/\/podernacional.com\/index.php?rest_route=%2Fwp%2Fv2%2Fcategories&post=21076"},{"taxonomy":"post_tag","embeddable":true,"href":"https:\/\/podernacional.com\/index.php?rest_route=%2Fwp%2Fv2%2Ftags&post=21076"}],"curies":[{"name":"wp","href":"https:\/\/api.w.org\/{rel}","templated":true}]}}