{"id":21109,"date":"2024-03-14T12:07:09","date_gmt":"2024-03-14T17:07:09","guid":{"rendered":"https:\/\/podernacional.com\/?p=21109"},"modified":"2024-03-14T17:07:11","modified_gmt":"2024-03-14T17:07:11","slug":"toto-wolff-admite-que-desea-tener-a-max-verstappen-en-mercedes","status":"publish","type":"post","link":"https:\/\/podernacional.com\/?p=21109","title":{"rendered":"Toto Wolff admite que desea tener a Max Verstappen en Mercedes"},"content":{"rendered":"<p>Ante los rumores que sit\u00faan al tricampe\u00f3n mundial neerland\u00e9s de F\u00f3rmula 1, Max Verstappen, fuera de Red Bull Racing y que lo vinculan con el equipo Mercedes, el director de la escuder\u00eda alemana, Toto Wolff, rompi\u00f3 el silencio y reconoci\u00f3 que desea tener a \u2018Mad Max\u2019 como su piloto.<\/p>\n<p>Me encantar\u00eda tenerlo (a Max Verstappen). Esta es una decisi\u00f3n que Max debe tomar, y no hay ning\u00fan equipo en la parrilla que no se parar\u00eda de manos con tal de tenerlo en su auto\u201d, reconoci\u00f3 Toto Wolff en una entrevista para el portal oficial de la F\u00f3rmula 1.<\/p>\n<p>En un tono m\u00e1s mesurado, Wolff afirm\u00f3 que Mercedes se tomar\u00e1 un tiempo, concretamente algunos meses, para decidir qui\u00e9n ser\u00e1 el piloto que ocupe el asiento que dejar\u00e1 libre Lewis Hamilton con su partida a Ferrari el pr\u00f3ximo a\u00f1o, considerando que existen opciones interesantes.<\/p>\n<p>Vamos a esperar (para tomar una decisi\u00f3n sobre qui\u00e9n acompa\u00f1ar\u00e1 a George Russell). Tenemos algunas opciones interesantes. Esa no ser\u00e1 una decisi\u00f3n que queramos tomar en las pr\u00f3ximas semanas, ser\u00e1 m\u00e1s bien en unos cuantos meses, dependiendo de hacia donde vaya la situaci\u00f3n\u201d, agreg\u00f3.<\/p>\n<p>Finalmente, Toto Wolff prefiri\u00f3 enfocarse en el trabajo que debe realizar el equipo alem\u00e1n en esta temporada 2024 de la F\u00f3rmula 1, siendo consciente de que a\u00fan hay algunos aspectos por mejorar en su monoplaza, para que George Russell y Lewis Hamilton puedan competir con Red Bull y Ferrari.<\/p>\n<p>Pero primero tenemos que arreglar nuestro auto. Creo que se lo debemos a nuestros pilotos, George (Russell) y Lewis (Hamilton), mejorar el coche y equiparlos bien, antes de so\u00f1ar con el futuro del a\u00f1o que viene\u201d, sentenci\u00f3 el director del equipo Mercedes.<\/p>\n","protected":false},"excerpt":{"rendered":"<p>Ante los rumores que sit\u00faan al tricampe\u00f3n mundial neerland\u00e9s de F\u00f3rmula 1, Max Verstappen, fuera de Red Bull Racing y que lo vinculan con el equipo Mercedes, el director de la escuder\u00eda alemana, Toto Wolff, rompi\u00f3 el silencio y reconoci\u00f3 que desea tener a \u2018Mad Max\u2019 como su piloto. Me encantar\u00eda tenerlo (a Max Verstappen). [&hellip;]<\/p>\n","protected":false},"author":1,"featured_media":21111,"comment_status":"open","ping_status":"closed","sticky":false,"template":"","format":"standard","meta":{"footnotes":""},"categories":[3],"tags":[],"class_list":["post-21109","post","type-post","status-publish","format-standard","has-post-thumbnail","hentry","category-deportes"],"_links":{"self":[{"href":"https:\/\/podernacional.com\/index.php?rest_route=\/wp\/v2\/posts\/21109","targetHints":{"allow":["GET"]}}],"collection":[{"href":"https:\/\/podernacional.com\/index.php?rest_route=\/wp\/v2\/posts"}],"about":[{"href":"https:\/\/podernacional.com\/index.php?rest_route=\/wp\/v2\/types\/post"}],"author":[{"embeddable":true,"href":"https:\/\/podernacional.com\/index.php?rest_route=\/wp\/v2\/users\/1"}],"replies":[{"embeddable":true,"href":"https:\/\/podernacional.com\/index.php?rest_route=%2Fwp%2Fv2%2Fcomments&post=21109"}],"version-history":[{"count":1,"href":"https:\/\/podernacional.com\/index.php?rest_route=\/wp\/v2\/posts\/21109\/revisions"}],"predecessor-version":[{"id":21110,"href":"https:\/\/podernacional.com\/index.php?rest_route=\/wp\/v2\/posts\/21109\/revisions\/21110"}],"wp:featuredmedia":[{"embeddable":true,"href":"https:\/\/podernacional.com\/index.php?rest_route=\/wp\/v2\/media\/21111"}],"wp:attachment":[{"href":"https:\/\/podernacional.com\/index.php?rest_route=%2Fwp%2Fv2%2Fmedia&parent=21109"}],"wp:term":[{"taxonomy":"category","embeddable":true,"href":"https:\/\/podernacional.com\/index.php?rest_route=%2Fwp%2Fv2%2Fcategories&post=21109"},{"taxonomy":"post_tag","embeddable":true,"href":"https:\/\/podernacional.com\/index.php?rest_route=%2Fwp%2Fv2%2Ftags&post=21109"}],"curies":[{"name":"wp","href":"https:\/\/api.w.org\/{rel}","templated":true}]}}