{"id":21112,"date":"2024-03-14T12:28:55","date_gmt":"2024-03-14T17:28:55","guid":{"rendered":"https:\/\/podernacional.com\/?p=21112"},"modified":"2024-03-14T17:28:57","modified_gmt":"2024-03-14T17:28:57","slug":"eugenio-derbez-debuta-en-el-drama-con-el-maestro-cabezota-de-radical","status":"publish","type":"post","link":"https:\/\/podernacional.com\/?p=21112","title":{"rendered":"Eugenio Derbez debuta en el drama con el maestro cabezota de \u2018Radical\u2019"},"content":{"rendered":"<p>El c\u00f3mico mexicano Eugenio Derbez encara su primer papel dram\u00e1tico como protagonista de \u2018Radical\u2018, una pel\u00edcula que adapta al cine la historia real de una ni\u00f1a superdotada que se cri\u00f3 entre basuras, a la que su profesor apoy\u00f3 con unos m\u00e9todos educativos antisistema y \u2018pro-ni\u00f1os\u2019 y pudo lograr su sue\u00f1o.<\/p>\n<p>\u201cHay pel\u00edculas que me han cambiado la vida, otras que te dejan pensando por d\u00edas o semanas, pero las hay que te las quedas toda la vida\u201d, apunta Derbez sobre lo que vivi\u00f3 construyendo \u2018Radical\u2019, que tambi\u00e9n produce, y que ahora \u00e9l conf\u00eda en que le ocurra a mucha gente.<\/p>\n<p>\u201cM\u00e1s que romper taquillas o r\u00e9cords de audiencia -la pel\u00edcula fue el drama m\u00e1s visto en M\u00e9xico desde su estreno- lo que me gustar\u00eda es que \u2018Radical\u2019 cambiase conciencias, que haya maestros capaces de dar todo por sus alumnos que \u2018digan yo quiero salirme del sistema\u2019 y alumnos capaces de aprender y luchar por conseguir sus sue\u00f1os despu\u00e9s de ver la pel\u00edcula. Ojal\u00e1 lo logre\u201d, conf\u00eda Derbez en declaraciones a EFE.<\/p>\n<p>\u2018Radical\u2018 es la historia de Paloma, una ni\u00f1a muy inteligente que so\u00f1aba con ser ingeniera aeroespacial pese a vivir una precaria existencia rebuscando en un basurero, del que su padre y ella sacaban lo justo para sobrevivir. Una ni\u00f1a rechazada porque no ol\u00eda bien cuando llegaba a la clase y que nunca hubiera logrado estudiar si su maestro, Sergio, no hubiera visto su potencial.<\/p>\n<p>\u201cSergio existe, y su vocaci\u00f3n de ense\u00f1ar le busc\u00f3 muchos problemas. Hoy a\u00fan, Sergio tiene que seguir ense\u00f1ando a los ni\u00f1os a escondidas, porque lo rega\u00f1an si se sale del sistema\u201d, apunta Derbez en una entrevista con EFE por videoconferencia desde Los \u00c1ngeles, donde vive actualmente.<\/p>\n<p>Aunque la historia real ocurri\u00f3 en 2012 en el municipio mexicano de Matamoros, no fue posible filmar all\u00ed por cuestiones de seguridad.<\/p>\n<p>La pel\u00edcula comienza cuando llega a la escuela primaria un nuevo maestro interino que usa unos m\u00e9todos bastante inusuales para ense\u00f1ar, pero que a sus alumnos les encantan: \u00e9l les da esperanza y sabe c\u00f3mo sacar lo mejor de cada uno, pese al entorno.<\/p>\n<p>Derbez cuenta que supo de esta historia a trav\u00e9s de un art\u00edculo que public\u00f3 una revista de amplia tirada en EEUU: Paloma, en portada, era calificada como la futura Steve Jobs.<\/p>\n<p>\u201cLa ni\u00f1a hab\u00eda sacado la nota m\u00e1s alta de la llamada \u2018Prueba de Enlace&#8217;\u201d, un examen estatal que ya no existe y fue muy cuestionado entre los profesores mexicanos.<\/p>\n<p>Con ser esperanzadora, divertida y muy emotiva, \u2018Radical\u2019, ganadora de la Biznaga Latina del 27 Festival de M\u00e1laga (Espa\u00f1a), no esconde realidades como la convivencia con el narco y las pandillas callejeras, la corrupci\u00f3n pol\u00edtica y el descaro de las autoridades que se embolsan el dinero destinado a los suministros educativos, o situaciones que abocan a los ni\u00f1os a dejar la escuela para ayudar econ\u00f3micamente a la familia.<\/p>\n<p>Es el caso de Lupita (Mia Fernanda Solis), compa\u00f1era de clase de Paloma (Jennifer Trejo), que debe abandonar con doce a\u00f1os porque su mam\u00e1 va a tener otro beb\u00e9 del que no puede ocuparse. O Nico (Danilo Guardiola), secretamente enamorado de Paloma, que se lo juega todo por defender su derecho a ser un ni\u00f1o.<\/p>\n<p>\u201cSergio me cont\u00f3 que la mayor\u00eda de los ni\u00f1os que estudian no terminan la escuela porque acaban todos en el crimen organizado y que, de estos, casi ninguno llega a los 25 a\u00f1os de edad, todos acaban muertos\u201d, cuenta desolado Derbez.<\/p>\n<p>A excepci\u00f3n del primer ni\u00f1o que aparece en la cinta, un chiquillo que empuja la silla de ruedas de su abuela, el resto del elenco son no profesionales.<\/p>\n<p>\u201cLo tem\u00eda\u201d, reconoce Derbez, pero \u201cno fue as\u00ed, fue impresionante; la pena m\u00e1s grande es que no se habla bastante sobre el trabajo que hicieron, como padre estoy muy orgulloso de ellos\u201d, bromea el actor.<\/p>\n<p>Aunque ya hizo un peque\u00f1o papel en el drama \u2018Coda\u2018 (2021), Derbez confiesa que se sinti\u00f3 \u201cabsolutamente conflictuado y apanicado\u201d al aceptar este papel, encima un estelar, preocupado de que su p\u00fablico le rechazara por salirse de la comedia, pero \u201cafortunadamente -dice-me fue muy bien\u201d.<\/p>\n","protected":false},"excerpt":{"rendered":"<p>El c\u00f3mico mexicano Eugenio Derbez encara su primer papel dram\u00e1tico como protagonista de \u2018Radical\u2018, una pel\u00edcula que adapta al cine la historia real de una ni\u00f1a superdotada que se cri\u00f3 entre basuras, a la que su profesor apoy\u00f3 con unos m\u00e9todos educativos antisistema y \u2018pro-ni\u00f1os\u2019 y pudo lograr su sue\u00f1o. \u201cHay pel\u00edculas que me han [&hellip;]<\/p>\n","protected":false},"author":1,"featured_media":21114,"comment_status":"open","ping_status":"closed","sticky":false,"template":"","format":"standard","meta":{"footnotes":""},"categories":[4],"tags":[],"class_list":["post-21112","post","type-post","status-publish","format-standard","has-post-thumbnail","hentry","category-espectaculos"],"_links":{"self":[{"href":"https:\/\/podernacional.com\/index.php?rest_route=\/wp\/v2\/posts\/21112","targetHints":{"allow":["GET"]}}],"collection":[{"href":"https:\/\/podernacional.com\/index.php?rest_route=\/wp\/v2\/posts"}],"about":[{"href":"https:\/\/podernacional.com\/index.php?rest_route=\/wp\/v2\/types\/post"}],"author":[{"embeddable":true,"href":"https:\/\/podernacional.com\/index.php?rest_route=\/wp\/v2\/users\/1"}],"replies":[{"embeddable":true,"href":"https:\/\/podernacional.com\/index.php?rest_route=%2Fwp%2Fv2%2Fcomments&post=21112"}],"version-history":[{"count":1,"href":"https:\/\/podernacional.com\/index.php?rest_route=\/wp\/v2\/posts\/21112\/revisions"}],"predecessor-version":[{"id":21113,"href":"https:\/\/podernacional.com\/index.php?rest_route=\/wp\/v2\/posts\/21112\/revisions\/21113"}],"wp:featuredmedia":[{"embeddable":true,"href":"https:\/\/podernacional.com\/index.php?rest_route=\/wp\/v2\/media\/21114"}],"wp:attachment":[{"href":"https:\/\/podernacional.com\/index.php?rest_route=%2Fwp%2Fv2%2Fmedia&parent=21112"}],"wp:term":[{"taxonomy":"category","embeddable":true,"href":"https:\/\/podernacional.com\/index.php?rest_route=%2Fwp%2Fv2%2Fcategories&post=21112"},{"taxonomy":"post_tag","embeddable":true,"href":"https:\/\/podernacional.com\/index.php?rest_route=%2Fwp%2Fv2%2Ftags&post=21112"}],"curies":[{"name":"wp","href":"https:\/\/api.w.org\/{rel}","templated":true}]}}