{"id":21124,"date":"2024-03-15T01:07:01","date_gmt":"2024-03-15T06:07:01","guid":{"rendered":"https:\/\/podernacional.com\/?p=21124"},"modified":"2024-03-15T06:07:03","modified_gmt":"2024-03-15T06:07:03","slug":"netflix-anuncia-que-black-mirror-regresa-con-su-temporada-siete-para-2025","status":"publish","type":"post","link":"https:\/\/podernacional.com\/?p=21124","title":{"rendered":"Netflix anuncia que &#8216;Black Mirror&#8217; regresa con su temporada siete para 2025"},"content":{"rendered":"<p>Netflix ha anunciado que Black Mirror regresar\u00e1 con su s\u00e9ptima temporada en 2025, prometiendo una vez m\u00e1s sumergir a sus espectadores en el abismo de la tecnolog\u00eda y sus implicaciones en la sociedad.<\/p>\n<p>Entre los adelantos m\u00e1s emocionantes revelados en el evento Next on Netflix en Londres, destaca la secuela del episodio USS Callister de la cuarta temporada, una aventura de ciencia ficci\u00f3n que ha capturado la imaginaci\u00f3n de la audiencia.<\/p>\n<p>El evento de vista previa, celebrado en el cine y espacio cultural Picturehouse Central, no solo sirvi\u00f3 para anunciar una gran cantidad de contenido nuevo y elenco para la plataforma, sino tambi\u00e9n para confirmar que la pr\u00f3xima temporada de Black Mirror constar\u00e1 de seis episodios.<\/p>\n<p>Charlie Brooker, creador de la serie, junto con Jessica Rhoades y Annabel Jones, retoman sus roles como productores ejecutivos, garantizando que la esencia original de la serie se mantenga intacta.<\/p>\n<p>La secuela de USS Callister contin\u00faa<br \/>\nLa secuela de \u00abUSS Callister\u00bb contin\u00faa la historia de la tripulaci\u00f3n despu\u00e9s de los eventos del episodio original, donde se revel\u00f3 que \u00abRobert Daly est\u00e1 muerto, pero para la tripulaci\u00f3n del USS Callister, sus problemas apenas comienzan\u00bb. Esta continuaci\u00f3n promete explorar las consecuencias de la rebeli\u00f3n liderada por Nanette Cole, interpretada por Cristin Milioti, contra Daly, el capit\u00e1n y creador del simulacro de aventura espacial interpretado por Jesse Plemons.<\/p>\n<p>USS Callister se destac\u00f3 por su narrativa que combinaba elementos de la ciencia ficci\u00f3n cl\u00e1sica al estilo de Star Trek con la cr\u00edtica social y tecnol\u00f3gica caracter\u00edstica de Black Mirror. La decisi\u00f3n de crear una secuela para este episodio sugiere que la serie est\u00e1 dispuesta a profundizar a\u00fan m\u00e1s en las complejas din\u00e1micas establecidas y las preguntas \u00e9ticas que plantea la creaci\u00f3n de clones digitales a partir del ADN de personas reales.<\/p>\n<p>El episodio original, aclamado tanto por la cr\u00edtica como por los espectadores, fue escrito por Brooker y William Bridges y dirigido por Toby Haynes. Su \u00e9xito se debi\u00f3 no solo a su intrigante premisa y ejecuci\u00f3n impecable, sino tambi\u00e9n a las actuaciones convincentes de su elenco, lo que ha generado una gran expectativa en torno a la pr\u00f3xima secuela.<\/p>\n","protected":false},"excerpt":{"rendered":"<p>Netflix ha anunciado que Black Mirror regresar\u00e1 con su s\u00e9ptima temporada en 2025, prometiendo una vez m\u00e1s sumergir a sus espectadores en el abismo de la tecnolog\u00eda y sus implicaciones en la sociedad. Entre los adelantos m\u00e1s emocionantes revelados en el evento Next on Netflix en Londres, destaca la secuela del episodio USS Callister de [&hellip;]<\/p>\n","protected":false},"author":1,"featured_media":21126,"comment_status":"open","ping_status":"closed","sticky":false,"template":"","format":"standard","meta":{"footnotes":""},"categories":[4],"tags":[],"class_list":["post-21124","post","type-post","status-publish","format-standard","has-post-thumbnail","hentry","category-espectaculos"],"_links":{"self":[{"href":"https:\/\/podernacional.com\/index.php?rest_route=\/wp\/v2\/posts\/21124","targetHints":{"allow":["GET"]}}],"collection":[{"href":"https:\/\/podernacional.com\/index.php?rest_route=\/wp\/v2\/posts"}],"about":[{"href":"https:\/\/podernacional.com\/index.php?rest_route=\/wp\/v2\/types\/post"}],"author":[{"embeddable":true,"href":"https:\/\/podernacional.com\/index.php?rest_route=\/wp\/v2\/users\/1"}],"replies":[{"embeddable":true,"href":"https:\/\/podernacional.com\/index.php?rest_route=%2Fwp%2Fv2%2Fcomments&post=21124"}],"version-history":[{"count":1,"href":"https:\/\/podernacional.com\/index.php?rest_route=\/wp\/v2\/posts\/21124\/revisions"}],"predecessor-version":[{"id":21125,"href":"https:\/\/podernacional.com\/index.php?rest_route=\/wp\/v2\/posts\/21124\/revisions\/21125"}],"wp:featuredmedia":[{"embeddable":true,"href":"https:\/\/podernacional.com\/index.php?rest_route=\/wp\/v2\/media\/21126"}],"wp:attachment":[{"href":"https:\/\/podernacional.com\/index.php?rest_route=%2Fwp%2Fv2%2Fmedia&parent=21124"}],"wp:term":[{"taxonomy":"category","embeddable":true,"href":"https:\/\/podernacional.com\/index.php?rest_route=%2Fwp%2Fv2%2Fcategories&post=21124"},{"taxonomy":"post_tag","embeddable":true,"href":"https:\/\/podernacional.com\/index.php?rest_route=%2Fwp%2Fv2%2Ftags&post=21124"}],"curies":[{"name":"wp","href":"https:\/\/api.w.org\/{rel}","templated":true}]}}