{"id":21165,"date":"2024-03-18T11:10:30","date_gmt":"2024-03-18T16:10:30","guid":{"rendered":"https:\/\/podernacional.com\/?p=21165"},"modified":"2024-03-18T16:10:32","modified_gmt":"2024-03-18T16:10:32","slug":"volcan-popocatepetl-se-mantiene-en-alerta-amarilla-fase-2","status":"publish","type":"post","link":"https:\/\/podernacional.com\/?p=21165","title":{"rendered":"Volc\u00e1n Popocat\u00e9petl se mantiene en alerta Amarilla Fase 2"},"content":{"rendered":"<p>Puebla.- De acuerdo con un comunicado emitido esta ma\u00f1ana por el Gobierno del Estado de Puebla, se reporta ca\u00edda de ceniza del volc\u00e1n Popocat\u00e9petl en 7 municipios del estado.<\/p>\n<p>Huejotzingo, San Lorenzo Chiautzingo, Juan C. Bonilla, Puebla, San Andr\u00e9s Cholula, San Pedro Cholula y Cuautlancingo, fueron los municipios con ca\u00edda de ceniza del Popocat\u00e9petl, inform\u00f3 el gobierno estatal.<\/p>\n<p>La calidad del aire en la Zona Metropolitana de Puebla es regular, y el sem\u00e1foro de alerta volc\u00e1nica permanece en Amarillo Fase 2, por lo que autoridades exhortan a respetar el radio de restricci\u00f3n de 12 kil\u00f3metros alrededor del cr\u00e1ter.<\/p>\n<p>De acuerdo con el m\u00e1s reciente reporte del Centro Nacional de Prevenci\u00f3n de Desastres (CENAPRED), el volc\u00e1n registr\u00f3 27 exhalaciones y mil 135 minutos de tremor. Tambi\u00e9n se observa continua emisi\u00f3n de vapor de agua con ligero contenido de ceniza volc\u00e1nica. Se prev\u00e9 que la pluma se desplace al Este sin afectar a la Ciudad de M\u00e9xico.<\/p>\n<p>En tanto, la Secretar\u00eda de Salud atendi\u00f3, en las \u00faltimas 24 horas, a 10 personas por presentar s\u00edntomas de rinitis al\u00e9rgica, ocasionada por la ca\u00edda de ceniza.<\/p>\n<p>En ese sentido, los Servicios de Salud recomiendan a las y los poblanos que, en caso de experimentar dificultades para respirar o molestias en la piel debido a la ceniza, acudan de inmediato al Centro de Salud m\u00e1s cercano a su domicilio para recibir la atenci\u00f3n correspondiente.<\/p>\n","protected":false},"excerpt":{"rendered":"<p>Puebla.- De acuerdo con un comunicado emitido esta ma\u00f1ana por el Gobierno del Estado de Puebla, se reporta ca\u00edda de ceniza del volc\u00e1n Popocat\u00e9petl en 7 municipios del estado. Huejotzingo, San Lorenzo Chiautzingo, Juan C. Bonilla, Puebla, San Andr\u00e9s Cholula, San Pedro Cholula y Cuautlancingo, fueron los municipios con ca\u00edda de ceniza del Popocat\u00e9petl, inform\u00f3 [&hellip;]<\/p>\n","protected":false},"author":1,"featured_media":21167,"comment_status":"open","ping_status":"closed","sticky":false,"template":"","format":"standard","meta":{"footnotes":""},"categories":[7],"tags":[],"class_list":["post-21165","post","type-post","status-publish","format-standard","has-post-thumbnail","hentry","category-nacional"],"_links":{"self":[{"href":"https:\/\/podernacional.com\/index.php?rest_route=\/wp\/v2\/posts\/21165","targetHints":{"allow":["GET"]}}],"collection":[{"href":"https:\/\/podernacional.com\/index.php?rest_route=\/wp\/v2\/posts"}],"about":[{"href":"https:\/\/podernacional.com\/index.php?rest_route=\/wp\/v2\/types\/post"}],"author":[{"embeddable":true,"href":"https:\/\/podernacional.com\/index.php?rest_route=\/wp\/v2\/users\/1"}],"replies":[{"embeddable":true,"href":"https:\/\/podernacional.com\/index.php?rest_route=%2Fwp%2Fv2%2Fcomments&post=21165"}],"version-history":[{"count":1,"href":"https:\/\/podernacional.com\/index.php?rest_route=\/wp\/v2\/posts\/21165\/revisions"}],"predecessor-version":[{"id":21166,"href":"https:\/\/podernacional.com\/index.php?rest_route=\/wp\/v2\/posts\/21165\/revisions\/21166"}],"wp:featuredmedia":[{"embeddable":true,"href":"https:\/\/podernacional.com\/index.php?rest_route=\/wp\/v2\/media\/21167"}],"wp:attachment":[{"href":"https:\/\/podernacional.com\/index.php?rest_route=%2Fwp%2Fv2%2Fmedia&parent=21165"}],"wp:term":[{"taxonomy":"category","embeddable":true,"href":"https:\/\/podernacional.com\/index.php?rest_route=%2Fwp%2Fv2%2Fcategories&post=21165"},{"taxonomy":"post_tag","embeddable":true,"href":"https:\/\/podernacional.com\/index.php?rest_route=%2Fwp%2Fv2%2Ftags&post=21165"}],"curies":[{"name":"wp","href":"https:\/\/api.w.org\/{rel}","templated":true}]}}