{"id":21192,"date":"2024-03-20T09:12:09","date_gmt":"2024-03-20T14:12:09","guid":{"rendered":"https:\/\/podernacional.com\/?p=21192"},"modified":"2024-03-20T14:12:12","modified_gmt":"2024-03-20T14:12:12","slug":"roberto-duran-dado-de-alta-despues-de-colocarse-marcapasos-en-panama","status":"publish","type":"post","link":"https:\/\/podernacional.com\/?p=21192","title":{"rendered":"Roberto Dur\u00e1n, dado de alta despu\u00e9s de colocarse marcapasos en Panam\u00e1"},"content":{"rendered":"<p>Roberto Dur\u00e1n recibi\u00f3 el alta m\u00e9dica el martes, un d\u00eda despu\u00e9s de colocarse un marcapasos tras sufrir una complicaci\u00f3n card\u00edaca en Panam\u00e1 el fin de semana.<\/p>\n<p>El legendario boxeador paname\u00f1o, de 72 a\u00f1os, divulg\u00f3 un video en su cuenta de Instagram en el que anunci\u00f3 que ya estaba de vuelta en su residencia.<\/p>\n<p>\u201cMuchas gracias por preocuparse por m\u00ed, estoy en mi casa, tranquilo aqu\u00ed\u201d, asegur\u00f3 Dur\u00e1n sentado en un sof\u00e1 y mostr\u00e1ndose de buen humor.<\/p>\n<p>Dur\u00e1n \u2014 cuatro veces campe\u00f3n mundial en diferentes categor\u00edas\u2014 hab\u00eda sido internado por un cuadro de presi\u00f3n arterial alta y bloqueo en una arteria al acudir a una revisi\u00f3n m\u00e9dica, seg\u00fan su familia.<\/p>\n<p>\u201cManos de Piedra\u201d recibi\u00f3 numerosos mensajes de aliento y de pronta recuperaci\u00f3n de grandes figuras extranjeras del deporte activas y ya retiradas, como los mexicanos Sa\u00fal \u201cCanerlo\u201d \u00c1lvarez y Julio C\u00e9sar Ch\u00e1vez y el estadounidense Mike Tyson, entre otros.<\/p>\n","protected":false},"excerpt":{"rendered":"<p>Roberto Dur\u00e1n recibi\u00f3 el alta m\u00e9dica el martes, un d\u00eda despu\u00e9s de colocarse un marcapasos tras sufrir una complicaci\u00f3n card\u00edaca en Panam\u00e1 el fin de semana. El legendario boxeador paname\u00f1o, de 72 a\u00f1os, divulg\u00f3 un video en su cuenta de Instagram en el que anunci\u00f3 que ya estaba de vuelta en su residencia. \u201cMuchas gracias [&hellip;]<\/p>\n","protected":false},"author":1,"featured_media":21194,"comment_status":"open","ping_status":"closed","sticky":false,"template":"","format":"standard","meta":{"footnotes":""},"categories":[3],"tags":[],"class_list":["post-21192","post","type-post","status-publish","format-standard","has-post-thumbnail","hentry","category-deportes"],"_links":{"self":[{"href":"https:\/\/podernacional.com\/index.php?rest_route=\/wp\/v2\/posts\/21192","targetHints":{"allow":["GET"]}}],"collection":[{"href":"https:\/\/podernacional.com\/index.php?rest_route=\/wp\/v2\/posts"}],"about":[{"href":"https:\/\/podernacional.com\/index.php?rest_route=\/wp\/v2\/types\/post"}],"author":[{"embeddable":true,"href":"https:\/\/podernacional.com\/index.php?rest_route=\/wp\/v2\/users\/1"}],"replies":[{"embeddable":true,"href":"https:\/\/podernacional.com\/index.php?rest_route=%2Fwp%2Fv2%2Fcomments&post=21192"}],"version-history":[{"count":1,"href":"https:\/\/podernacional.com\/index.php?rest_route=\/wp\/v2\/posts\/21192\/revisions"}],"predecessor-version":[{"id":21193,"href":"https:\/\/podernacional.com\/index.php?rest_route=\/wp\/v2\/posts\/21192\/revisions\/21193"}],"wp:featuredmedia":[{"embeddable":true,"href":"https:\/\/podernacional.com\/index.php?rest_route=\/wp\/v2\/media\/21194"}],"wp:attachment":[{"href":"https:\/\/podernacional.com\/index.php?rest_route=%2Fwp%2Fv2%2Fmedia&parent=21192"}],"wp:term":[{"taxonomy":"category","embeddable":true,"href":"https:\/\/podernacional.com\/index.php?rest_route=%2Fwp%2Fv2%2Fcategories&post=21192"},{"taxonomy":"post_tag","embeddable":true,"href":"https:\/\/podernacional.com\/index.php?rest_route=%2Fwp%2Fv2%2Ftags&post=21192"}],"curies":[{"name":"wp","href":"https:\/\/api.w.org\/{rel}","templated":true}]}}